{"id":52525,"date":"2018-05-29T09:00:04","date_gmt":"2018-05-29T12:00:04","guid":{"rendered":"http:\/\/caririemacao.com\/1\/?p=52525"},"modified":"2018-05-29T09:27:37","modified_gmt":"2018-05-29T12:27:37","slug":"em-brasilia-presidente-da-camara-de-gurjao-participa-da-marcha-dos-prefeitos","status":"publish","type":"post","link":"https:\/\/www.caririemacao.com\/1\/2018\/05\/29\/em-brasilia-presidente-da-camara-de-gurjao-participa-da-marcha-dos-prefeitos\/","title":{"rendered":"Em Bras\u00edlia, presidente da C\u00e2mara de Gurj\u00e3o participa da marcha dos prefeitos"},"content":{"rendered":"<p>O presidente da C\u00e2mara Municipal de Gurj\u00e3o, Adailsinho Queiroz (PSB), esteve participando da da 21\u00aa Marcha a Bras\u00edlia em Defesa dos Munic\u00edpios. O evento, que aconteceu no Centro Internacional de Conven\u00e7\u00f5es do Brasil (CICB), foi organizado pela Confedera\u00e7\u00e3o Nacional de Munic\u00edpios (CNM), e este ano contou com mais de 7 mil participantes entre prefeitos, vice-prefeitos e vereadores.<\/p>\n<p><a href=\"http:\/\/caririemacao.com\/1\/wp-content\/uploads\/2018\/05\/WhatsApp-Image-2018-05-28-at-22.30.27-e1527558043176.jpeg\"><img fetchpriority=\"high\" decoding=\"async\" class=\"alignnone size-full wp-image-52527\" src=\"http:\/\/caririemacao.com\/1\/wp-content\/uploads\/2018\/05\/WhatsApp-Image-2018-05-28-at-22.30.27-e1527558043176.jpeg\" alt=\"\" width=\"950\" height=\"681\" srcset=\"https:\/\/www.caririemacao.com\/1\/wp-content\/uploads\/2018\/05\/WhatsApp-Image-2018-05-28-at-22.30.27-e1527558043176.jpeg 950w, https:\/\/www.caririemacao.com\/1\/wp-content\/uploads\/2018\/05\/WhatsApp-Image-2018-05-28-at-22.30.27-e1527558043176-300x215.jpeg 300w, https:\/\/www.caririemacao.com\/1\/wp-content\/uploads\/2018\/05\/WhatsApp-Image-2018-05-28-at-22.30.27-e1527558043176-768x551.jpeg 768w\" sizes=\"(max-width: 950px) 100vw, 950px\" \/><\/a><\/p>\n<p>Segundo Adailsinho, que participou ativamente do encontro, a atua\u00e7\u00e3o da CNM tem tido destaque pelas conquistas do movimento municipalista, viabilizando e liderando reivindica\u00e7\u00f5es para os Munic\u00edpios.<\/p>\n<p>\u201cAs conquistas municipalistas, al\u00e9m de recursos, possibilitam melhor qualidade de vida da popula\u00e7\u00e3o e estas devem-se ao poder de mobiliza\u00e7\u00e3o e articula\u00e7\u00e3o dos nossos representantes\u201d, comentou.<\/p>\n<p>Al\u00e9m de participar assiduamente da \u201cMarcha\u201d e da sua rica programa\u00e7\u00e3o, Adailsinho aproveitou para fazer contatos, estreitar rela\u00e7\u00f5es com diversas autoridades federais.<\/p>\n<p><strong>CARIRI EM A\u00c7\u00c3O<\/strong><\/p>\n<p>Leia mais not\u00edcias em\u00a0<a href=\"http:\/\/www.caririemacao.com\/\">caririemacao.com<\/a>, siga nossa p\u00e1gina no\u00a0<a href=\"https:\/\/www.facebook.com\/CaririEmAcao\/?ref=aymt_homepage_panel\">Facebook<\/a>,\u00a0<a href=\"https:\/\/www.instagram.com\/cariri_em_acao\/?hl=pt-br\">Instagram<\/a>\u00a0e <a href=\"https:\/\/www.youtube.com\/channel\/UCAptA0jQuYQy8vMhLt2m4qg\">Youtube<\/a>\u00a0e veja nossas mat\u00e9rias, v\u00eddeos e fotos. Voc\u00ea tamb\u00e9m pode enviar informa\u00e7\u00f5es \u00e0 Reda\u00e7\u00e3o do Portal Cariri em A\u00e7\u00e3o pelo WhatsApp (83) 9 9634.5791, (83) 9 9601-1162<\/p>\n","protected":false},"excerpt":{"rendered":"<p>O presidente da C\u00e2mara Municipal de Gurj\u00e3o, Adailsinho Queiroz (PSB), esteve participando da da 21\u00aa Marcha a Bras\u00edlia em Defesa dos Munic\u00edpios. O evento, que&hellip; <\/p>\n","protected":false},"author":2,"featured_media":52526,"comment_status":"closed","ping_status":"closed","sticky":false,"template":"","format":"standard","meta":{"sfsi_plus_gutenberg_text_before_share":"","sfsi_plus_gutenberg_show_text_before_share":"","sfsi_plus_gutenberg_icon_type":"","sfsi_plus_gutenberg_icon_alignemt":"","sfsi_plus_gutenburg_max_per_row":"","footnotes":""},"categories":[11],"tags":[],"class_list":["post-52525","post","type-post","status-publish","format-standard","has-post-thumbnail","hentry","category-politica"],"_links":{"self":[{"href":"https:\/\/www.caririemacao.com\/1\/wp-json\/wp\/v2\/posts\/52525","targetHints":{"allow":["GET"]}}],"collection":[{"href":"https:\/\/www.caririemacao.com\/1\/wp-json\/wp\/v2\/posts"}],"about":[{"href":"https:\/\/www.caririemacao.com\/1\/wp-json\/wp\/v2\/types\/post"}],"author":[{"embeddable":true,"href":"https:\/\/www.caririemacao.com\/1\/wp-json\/wp\/v2\/users\/2"}],"replies":[{"embeddable":true,"href":"https:\/\/www.caririemacao.com\/1\/wp-json\/wp\/v2\/comments?post=52525"}],"version-history":[{"count":0,"href":"https:\/\/www.caririemacao.com\/1\/wp-json\/wp\/v2\/posts\/52525\/revisions"}],"wp:featuredmedia":[{"embeddable":true,"href":"https:\/\/www.caririemacao.com\/1\/wp-json\/wp\/v2\/media\/52526"}],"wp:attachment":[{"href":"https:\/\/www.caririemacao.com\/1\/wp-json\/wp\/v2\/media?parent=52525"}],"wp:term":[{"taxonomy":"category","embeddable":true,"href":"https:\/\/www.caririemacao.com\/1\/wp-json\/wp\/v2\/categories?post=52525"},{"taxonomy":"post_tag","embeddable":true,"href":"https:\/\/www.caririemacao.com\/1\/wp-json\/wp\/v2\/tags?post=52525"}],"curies":[{"name":"wp","href":"https:\/\/api.w.org\/{rel}","templated":true}]}}