{"id":52562,"date":"2018-05-29T09:08:58","date_gmt":"2018-05-29T12:08:58","guid":{"rendered":"http:\/\/caririemacao.com\/1\/?p=52562"},"modified":"2018-05-29T09:11:31","modified_gmt":"2018-05-29T12:11:31","slug":"postos-comecam-a-serem-reabastecidos-no-cariri-paraibano","status":"publish","type":"post","link":"https:\/\/www.caririemacao.com\/1\/2018\/05\/29\/postos-comecam-a-serem-reabastecidos-no-cariri-paraibano\/","title":{"rendered":"Postos come\u00e7am a serem reabastecidos no Cariri paraibano"},"content":{"rendered":"<p>Os postos de combust\u00edveis come\u00e7aram a serem reabastecidos em algumas cidades da Para\u00edba. Dois caminh\u00f5es tanques carregados com combust\u00edveis chegaram \u00e0 cidade de Serra Branca, no final da noite desta segunda-feira (28).<\/p>\n<p>Os caminh\u00f5es foram escoltados pela Pol\u00edcia Rodovi\u00e1ria Federal.<\/p>\n<p>O abastecimento nos postos, sendo um localizado no centro da cidade e o outro as margens da BR-412, foram iniciados nas primeiras horas desta ter\u00e7a-feira (29).<\/p>\n<p>Para popula\u00e7\u00e3o s\u00f3 est\u00e1 sendo liberada gasolina, enquanto o diesel est\u00e1 sendo utilizado para reabastecer ambul\u00e2ncias e ve\u00edculos de servi\u00e7os essenciais.<\/p>\n<p><strong>CARIRI EM A\u00c7\u00c3O<\/strong><\/p>\n<p>Leia mais not\u00edcias em\u00a0<a href=\"http:\/\/www.caririemacao.com\/\">caririemacao.com<\/a>, siga nossa p\u00e1gina no\u00a0<a href=\"https:\/\/www.facebook.com\/CaririEmAcao\/?ref=aymt_homepage_panel\">Facebook<\/a>,\u00a0<a href=\"https:\/\/www.instagram.com\/cariri_em_acao\/?hl=pt-br\">Instagram<\/a>\u00a0e <a href=\"https:\/\/www.youtube.com\/channel\/UCAptA0jQuYQy8vMhLt2m4qg\">Youtube<\/a>\u00a0e veja nossas mat\u00e9rias, v\u00eddeos e fotos. Voc\u00ea tamb\u00e9m pode enviar informa\u00e7\u00f5es \u00e0 Reda\u00e7\u00e3o do Portal Cariri em A\u00e7\u00e3o pelo WhatsApp (83) 9 9634.5791, (83) 9 9601-1162.<\/p>\n","protected":false},"excerpt":{"rendered":"<p>Os postos de combust\u00edveis come\u00e7aram a serem reabastecidos em algumas cidades da Para\u00edba. Dois caminh\u00f5es tanques carregados com combust\u00edveis chegaram \u00e0 cidade de Serra Branca,&hellip; <\/p>\n","protected":false},"author":2,"featured_media":52563,"comment_status":"closed","ping_status":"closed","sticky":false,"template":"","format":"standard","meta":{"sfsi_plus_gutenberg_text_before_share":"","sfsi_plus_gutenberg_show_text_before_share":"","sfsi_plus_gutenberg_icon_type":"","sfsi_plus_gutenberg_icon_alignemt":"","sfsi_plus_gutenburg_max_per_row":"","footnotes":""},"categories":[6],"tags":[],"class_list":["post-52562","post","type-post","status-publish","format-standard","has-post-thumbnail","hentry","category-cidades"],"_links":{"self":[{"href":"https:\/\/www.caririemacao.com\/1\/wp-json\/wp\/v2\/posts\/52562","targetHints":{"allow":["GET"]}}],"collection":[{"href":"https:\/\/www.caririemacao.com\/1\/wp-json\/wp\/v2\/posts"}],"about":[{"href":"https:\/\/www.caririemacao.com\/1\/wp-json\/wp\/v2\/types\/post"}],"author":[{"embeddable":true,"href":"https:\/\/www.caririemacao.com\/1\/wp-json\/wp\/v2\/users\/2"}],"replies":[{"embeddable":true,"href":"https:\/\/www.caririemacao.com\/1\/wp-json\/wp\/v2\/comments?post=52562"}],"version-history":[{"count":0,"href":"https:\/\/www.caririemacao.com\/1\/wp-json\/wp\/v2\/posts\/52562\/revisions"}],"wp:featuredmedia":[{"embeddable":true,"href":"https:\/\/www.caririemacao.com\/1\/wp-json\/wp\/v2\/media\/52563"}],"wp:attachment":[{"href":"https:\/\/www.caririemacao.com\/1\/wp-json\/wp\/v2\/media?parent=52562"}],"wp:term":[{"taxonomy":"category","embeddable":true,"href":"https:\/\/www.caririemacao.com\/1\/wp-json\/wp\/v2\/categories?post=52562"},{"taxonomy":"post_tag","embeddable":true,"href":"https:\/\/www.caririemacao.com\/1\/wp-json\/wp\/v2\/tags?post=52562"}],"curies":[{"name":"wp","href":"https:\/\/api.w.org\/{rel}","templated":true}]}}