{"id":52566,"date":"2018-05-29T09:16:39","date_gmt":"2018-05-29T12:16:39","guid":{"rendered":"http:\/\/caririemacao.com\/1\/?p=52566"},"modified":"2018-05-29T09:16:39","modified_gmt":"2018-05-29T12:16:39","slug":"crise-com-caminhoneiros-expoe-fragilidade-de-temer-e-agrava-dificuldade-de-candidatura-governista","status":"publish","type":"post","link":"https:\/\/www.caririemacao.com\/1\/2018\/05\/29\/crise-com-caminhoneiros-expoe-fragilidade-de-temer-e-agrava-dificuldade-de-candidatura-governista\/","title":{"rendered":"Crise com caminhoneiros exp\u00f5e fragilidade de Temer e agrava dificuldade de candidatura governista"},"content":{"rendered":"<p>A crise provocada pela paralisa\u00e7\u00e3o dos caminhoneiros, que chegou ao oitavo dia nesta segunda-feira, exp\u00f4s a fragilidade e a desarticula\u00e7\u00e3o do governo do presidente Michel Temer e complicou ainda mais a j\u00e1 dif\u00edcil situa\u00e7\u00e3o de uma eventual candidatura governista na elei\u00e7\u00e3o presidencial de outubro, respingando tamb\u00e9m nas chamadas candidaturas de centro.<\/p>\n<p>A resposta do governo \u00e0 paralisa\u00e7\u00e3o da categoria, que provocou desabastecimento em todo o pa\u00eds, foi alvo de cr\u00edticas em reservado at\u00e9 mesmo de parlamentares de partidos que j\u00e1 foram da base aliada de Temer e gerou o que analistas ouvidos pela Reuters chamaram de tentativas de capitalizar eleitoralmente com o epis\u00f3dio.<\/p>\n<p>&#8220;Um processo que exp\u00f4s a desarticula\u00e7\u00e3o da base governista em continuidade ao fen\u00f4meno que a gente j\u00e1 observava, um governo com baixo poder de agenda e ref\u00e9m de temas negativos&#8221;, disse \u00e0 Reuters o analista pol\u00edtico da Tend\u00eancias Consultoria Rafael Cortez.<\/p>\n<p>Para o cientista pol\u00edtico Carlos Melo, do Insper, a resposta do governo \u00e0 crise &#8220;foi um desastre&#8221;, pois o Pal\u00e1cio do Planalto fracassou ao n\u00e3o se antecipar aos problemas e, quando a crise estourou, ter entrado em p\u00e2nico.<\/p>\n<p>&#8220;Ele n\u00e3o protegeu o acionista da Petrobras, ele n\u00e3o protegeu o cidad\u00e3o comum, ele n\u00e3o protegeu o caminhoneiro tamb\u00e9m, que continua insatisfeito&#8221;, disse Melo, que v\u00ea no atual epis\u00f3dio um precedente preocupante.<\/p>\n<p>&#8220;O governo se mostrou fraco e ruim de negocia\u00e7\u00e3o e eu acho que ele abriu um flanco muito perigoso para todas as outras corpora\u00e7\u00f5es. N\u00e3o \u00e0 toa os petroleiros est\u00e3o falando em greve e voc\u00ea pode esperar outras corpora\u00e7\u00f5es tamb\u00e9m falando em greve.&#8221;<\/p>\n<p>O desempenho do governo tamb\u00e9m foi alvo de cr\u00edticas duras de parlamentares que j\u00e1 foram alinhados ao Pal\u00e1cio do Planalto na gest\u00e3o Temer.<\/p>\n<p>Para o l\u00edder de um partido da base, que falou na condi\u00e7\u00e3o de anonimato, trata-se de um &#8220;desgoverno&#8221;.<\/p>\n<p>&#8220;O governo j\u00e1 estava assim (fraco). Nessa quest\u00e3o, entregou tudo sem garantia de que os caras v\u00e3o responder&#8221;, disse esse l\u00edder. &#8220;O Congresso vai ter que fazer o que j\u00e1 vem fazendo, vamos tocar nossa vida, cuidar das pautas que temos. N\u00e3o h\u00e1 necessidade de negocia\u00e7\u00e3o com esse governo.&#8221;<\/p>\n<p>Um outro l\u00edder parlamentar adotou posi\u00e7\u00e3o similar e fez ainda avalia\u00e7\u00e3o de que a fragilidade do Planalto permitiu que grupos tirassem vantagem dessa vulnerabilidade.<\/p>\n<p>Apesar de parlamentares criticarem a postura de Temer &#8211;que no auge da greve em evento com entrega de ve\u00edculos para o Conselho Tutelar no Rio chegou a dizer que aquilo era a coisa mais importante que faria no dia&#8211;, analistas tamb\u00e9m viram falhas no papel desempenhado pelo Legislativo neste processo.<\/p>\n<p>O presidente da C\u00e2mara dos Deputados, Rodrigo Maia (DEM-RJ), patrocinou, contra a vontade do Planalto, a inclus\u00e3o no texto da reonera\u00e7\u00e3o da folha de pagamento da isen\u00e7\u00e3o do PIS\/Cofins para o diesel, cometendo um erro de c\u00e1lculo no impacto que a medida teria nas contas p\u00fablicas.<\/p>\n<p>J\u00e1 o presidente do Senado, na quinta-feira, conforme os epis\u00f3dios de desabastecimento se acumulavam, deixou Bras\u00edlia em dire\u00e7\u00e3o a seu Estado natal, o Cear\u00e1. No entanto, diante da exposi\u00e7\u00e3o sofrida pela aus\u00eancia, acabou retornando \u00e0 capital.<\/p>\n<p>Melo, do Insper, classificou como &#8220;um horror&#8221; a atitude de Eun\u00edcio, enquanto Cortez, da Tend\u00eancias, avaliou que a atitude de Maia pode ter sido motivada por &#8220;um certo oportunismo de tentar transformar essa crise em algum ganho eleitoral&#8221;. Maia \u00e9 pr\u00e9-candidato \u00e0 Presid\u00eancia pelo DEM.<\/p>\n<p>O cen\u00e1rio de fragilidade do governo, que agrava a impopularidade de Temer e de sua administra\u00e7\u00e3o &#8211;batuques de panelas puderam ser ouvidas durante o pronunciamento do presidente no domingo&#8211; tem ainda o efeito de tornar ainda mais improv\u00e1vel a empreitada de uma candidatura governista ao Planalto, atualmente encampada pelo ex-ministro da Fazenda Henrique Meirelles (MDB).<\/p>\n<p>&#8220;A greve dos caminhoneiros derrubou o \u00fanico pilar que o governo tinha para defender um projeto eleitoral em 2018, que seria a reconstru\u00e7\u00e3o da pol\u00edtica econ\u00f4mica&#8230; Dificilmente essa ideia de continuidade vai prevalecer no comportamento eleitoral, o que significa que o eleitor vai olhar para algu\u00e9m distante do governo&#8221;, disse Cortez.<\/p>\n<p>&#8220;Me parece que tal cen\u00e1rio sinaliza a improbabilidade de um projeto presidencial do MDB e, mais do que isso, h\u00e1 o risco de &#8216;sarneyza\u00e7\u00e3o&#8217; crescente do processo de 2018, quando candidatos e nomes ligados ao status quo tiveram muita dificuldade em convencer o eleitorado&#8221;, acrescentou, referindo-se \u00e0 sucess\u00e3o de Jos\u00e9 Sarney em 1989.<\/p>\n<p>Nesse cen\u00e1rio, candidatos n\u00e3o identificados com o governo podem se beneficiar. Incluem-se neste grupo o pr\u00e9-candidato do PSL, Jair Bolsonaro, e nomes mais \u00e0 esquerda, como Ciro Gomes (PDT).<\/p>\n<p>&#8220;Esse clima, essa radicaliza\u00e7\u00e3o, n\u00e3o chama por modera\u00e7\u00e3o. Ela atende aos extremos&#8230; Isso joga \u00e1gua no moinho do Bolsonaro. Agora, tamb\u00e9m a esquerda, por conta da radicaliza\u00e7\u00e3o, do mau momento, tamb\u00e9m \u00e9 favorecida&#8221;, disse Melo.<\/p>\n<p>&#8220;Eu sei \u00e9 que o centro moderado e sobretudo o centro identificado com o governo \u00e9 o que mais perde. O desastre foi no centro.&#8221;<\/p>\n<p><strong>CARIRI EM A\u00c7\u00c3O<\/strong><\/p>\n<p>Com Reuters\/Foto: Reprodu\u00e7\u00e3o Internet<\/p>\n<p>Leia mais not\u00edcias em\u00a0<a href=\"http:\/\/www.caririemacao.com\/\">caririemacao.com<\/a>, siga nossa p\u00e1gina no\u00a0<a href=\"https:\/\/www.facebook.com\/CaririEmAcao\/?ref=aymt_homepage_panel\">Facebook<\/a>,\u00a0<a href=\"https:\/\/www.instagram.com\/cariri_em_acao\/?hl=pt-br\">Instagram<\/a>\u00a0e <a href=\"https:\/\/www.youtube.com\/channel\/UCAptA0jQuYQy8vMhLt2m4qg\">Youtube<\/a>\u00a0e veja nossas mat\u00e9rias, v\u00eddeos e fotos. Voc\u00ea tamb\u00e9m pode enviar informa\u00e7\u00f5es \u00e0 Reda\u00e7\u00e3o do Portal Cariri em A\u00e7\u00e3o pelo WhatsApp (83) 9 9634.5791, (83) 9 9601-1162.<\/p>\n","protected":false},"excerpt":{"rendered":"<p>A crise provocada pela paralisa\u00e7\u00e3o dos caminhoneiros, que chegou ao oitavo dia nesta segunda-feira, exp\u00f4s a fragilidade e a desarticula\u00e7\u00e3o do governo do presidente Michel&hellip; <\/p>\n","protected":false},"author":2,"featured_media":28506,"comment_status":"closed","ping_status":"closed","sticky":false,"template":"","format":"standard","meta":{"sfsi_plus_gutenberg_text_before_share":"","sfsi_plus_gutenberg_show_text_before_share":"","sfsi_plus_gutenberg_icon_type":"","sfsi_plus_gutenberg_icon_alignemt":"","sfsi_plus_gutenburg_max_per_row":"","footnotes":""},"categories":[2],"tags":[],"class_list":["post-52566","post","type-post","status-publish","format-standard","has-post-thumbnail","hentry","category-geral"],"_links":{"self":[{"href":"https:\/\/www.caririemacao.com\/1\/wp-json\/wp\/v2\/posts\/52566","targetHints":{"allow":["GET"]}}],"collection":[{"href":"https:\/\/www.caririemacao.com\/1\/wp-json\/wp\/v2\/posts"}],"about":[{"href":"https:\/\/www.caririemacao.com\/1\/wp-json\/wp\/v2\/types\/post"}],"author":[{"embeddable":true,"href":"https:\/\/www.caririemacao.com\/1\/wp-json\/wp\/v2\/users\/2"}],"replies":[{"embeddable":true,"href":"https:\/\/www.caririemacao.com\/1\/wp-json\/wp\/v2\/comments?post=52566"}],"version-history":[{"count":0,"href":"https:\/\/www.caririemacao.com\/1\/wp-json\/wp\/v2\/posts\/52566\/revisions"}],"wp:featuredmedia":[{"embeddable":true,"href":"https:\/\/www.caririemacao.com\/1\/wp-json\/wp\/v2\/media\/28506"}],"wp:attachment":[{"href":"https:\/\/www.caririemacao.com\/1\/wp-json\/wp\/v2\/media?parent=52566"}],"wp:term":[{"taxonomy":"category","embeddable":true,"href":"https:\/\/www.caririemacao.com\/1\/wp-json\/wp\/v2\/categories?post=52566"},{"taxonomy":"post_tag","embeddable":true,"href":"https:\/\/www.caririemacao.com\/1\/wp-json\/wp\/v2\/tags?post=52566"}],"curies":[{"name":"wp","href":"https:\/\/api.w.org\/{rel}","templated":true}]}}