{"id":52607,"date":"2018-05-29T21:54:49","date_gmt":"2018-05-30T00:54:49","guid":{"rendered":"http:\/\/caririemacao.com\/1\/?p=52607"},"modified":"2018-05-29T21:54:49","modified_gmt":"2018-05-30T00:54:49","slug":"chefe-da-petrobras-reajustes-diarios-nao-foram-escolha-caprichosa","status":"publish","type":"post","link":"https:\/\/www.caririemacao.com\/1\/2018\/05\/29\/chefe-da-petrobras-reajustes-diarios-nao-foram-escolha-caprichosa\/","title":{"rendered":"Chefe da Petrobras: reajustes di\u00e1rios n\u00e3o foram &#8216;escolha caprichosa&#8217;"},"content":{"rendered":"<p>Pela segunda vez em menos de uma semana, o presidente da Petrobras, Pedro Parente, convocou analistas para tentar acalmar o mercado com rela\u00e7\u00e3o ao risco de inger\u00eancia do governo nos neg\u00f3cios da companhia.\u00a0Ele admitiu que a f\u00f3rmula de c\u00e1lculo do pre\u00e7o do diesel poder\u00e1 mudar, mas disse confiar que a companhia manter\u00e1 liberdade para definir margens de lucro e que as mudan\u00e7as se restringir\u00e3o ao \u00f3leo diesel.<\/p>\n<p>O governo prometeu aos caminhoneiros que, ap\u00f3s congelamento de 60 dias, o pre\u00e7o do diesel ser\u00e1 reajustado mensalmente, e n\u00e3o mais diariamente, como prev\u00ea a pol\u00edtica atual da Petrobras. Na segunda (28), dia seguinte ao an\u00fancio, as a\u00e7\u00f5es da estatal despencaram 14,6% na bolsa de S\u00e3o Paulo.<\/p>\n<p>Os analistas que participaram da confer\u00eancia demonstraram preocupa\u00e7\u00e3o com o aumento da interfer\u00eancia do governo na gest\u00e3o da empresa. &#8220;O governo sempre ressaltou que n\u00e3o estava demandando mudan\u00e7a nas quest\u00f5es essenciais da pol\u00edtica de pre\u00e7os. No entanto, n\u00e3o \u00e9 segredo para ningu\u00e9m que essa \u00e9 uma empresa de controle e estatal e que elei\u00e7\u00f5es t\u00eam enorme influ\u00eancia&#8221;, disse Parente.<\/p>\n<p>Ele tomou posse em 2016 afirmando que a pol\u00edtica de pre\u00e7os da companhia n\u00e3o teria mais influ\u00eancia do governo.\u00a0Parente tamb\u00e9m disse que uma nova f\u00f3rmula de c\u00e1lculo do pre\u00e7o do diesel pode ser definida em negocia\u00e7\u00f5es com o governo, mas afirma acreditar que &#8220;os conceitos&#8221; da pol\u00edtica de pre\u00e7os estabelecida em 2016 ser\u00e3o mantidos.<\/p>\n<p>&#8220;Pode ter mudan\u00e7a em alguns aspectos, mas nosso objetivo \u00e9 n\u00e3o produzir mudan\u00e7as no resultado dessa pol\u00edtica&#8221;, disse ele. Atualmente, a Petrobras calcula os pre\u00e7os da gasolina e do diesel somando a cota\u00e7\u00e3o internacional, o custo de importa\u00e7\u00e3o e uma margem de lucro. Por 60 dias, a empresa dar\u00e1 um desconto de R$ 0,30 por litro sobre o pre\u00e7o atual. Parte do valor ser\u00e1 reembolsada pelo governo, mas a forma de reembolso ainda est\u00e1 em negocia\u00e7\u00e3o e \u00e9 outra preocupa\u00e7\u00e3o do mercado.<\/p>\n<p>Parente defendeu que os reajustes mensais mantenham o conceito de remunerar a empresa de acordo com as cota\u00e7\u00f5es internacionais, mesmo que os percentuais sejam mais altos todos os meses.\u00a0Ele ressaltou ainda a necessidade da institui\u00e7\u00e3o de um imposto de importa\u00e7\u00e3o sobre o diesel, j\u00e1 anunciada pelo Minist\u00e9rio da Fazenda, para evitar perdas para a Petrobras, uma vez que a estatal ter\u00e1 que manter seus pre\u00e7os por per\u00edodos de 30 dias.<\/p>\n<p>A decis\u00e3o por realizar reajustes di\u00e1rios foi tomada quando a empresa percebeu que a queda das cota\u00e7\u00f5es internacionais durante o m\u00eas criava janelas de oportunidade para importa\u00e7\u00f5es por terceiros, que roubaram mercado da estatal. &#8220;A mudan\u00e7a de periodicidade mensal para di\u00e1ria n\u00e3o foi escolha caprichosa. Foi fundamental para que pud\u00e9ssemos escolher entre margem e market share [participa\u00e7\u00e3o de mercado]&#8221;, afirmou.<\/p>\n<p>No in\u00edcio da teleconfer\u00eancia, o presidente da Petrobras enumerou resultados alcan\u00e7ados por sua gest\u00e3o, como a redu\u00e7\u00e3o do endividamento e dos custos e frisou que a empresa tem cumprido suas metas de produ\u00e7\u00e3o. Ele disse que n\u00e3o espera altera\u00e7\u00f5es em cronogramas de investimentos ou metas de redu\u00e7\u00e3o do endividamento com a mudan\u00e7a na pol\u00edtica de pre\u00e7os.<\/p>\n<p>GREVE<\/p>\n<p>Parente disse confiar que os empregados da Petrobras &#8220;entendam o momento&#8221; e n\u00e3o participem de greve de 72 horas convocada por sindicatos de petroleiros para ter in\u00edcio nesta quarta (30).\u00a0O movimento pede a redu\u00e7\u00e3o dos pre\u00e7os dos combust\u00edveis e troca no comando da empresa. &#8220;N\u00e3o existe nem pauta reivindicat\u00f3ria. \u00c9 muito mais de natureza pol\u00edtica do que por negocia\u00e7\u00f5es de quest\u00f5es trabalhistas&#8221;, comentou o presidente da Petrobras.<\/p>\n<p><strong>CARIRI EM A\u00c7\u00c3O<\/strong><\/p>\n<p>Com Folhapress\/Foto: Reprodu\u00e7\u00e3o Internet<\/p>\n<p>Leia mais not\u00edcias em\u00a0<a href=\"http:\/\/www.caririemacao.com\/\">caririemacao.com<\/a>, siga nossa p\u00e1gina no\u00a0<a href=\"https:\/\/www.facebook.com\/CaririEmAcao\/?ref=aymt_homepage_panel\">Facebook<\/a>,\u00a0<a href=\"https:\/\/www.instagram.com\/cariri_em_acao\/?hl=pt-br\">Instagram<\/a>\u00a0e\u00a0<a href=\"https:\/\/www.youtube.com\/channel\/UCAptA0jQuYQy8vMhLt2m4qg\">Youtube<\/a>\u00a0e veja nossas mat\u00e9rias, v\u00eddeos e fotos. Voc\u00ea tamb\u00e9m pode enviar informa\u00e7\u00f5es \u00e0 Reda\u00e7\u00e3o do Portal Cariri em A\u00e7\u00e3o pelo WhatsApp (83) 9 9634.5791, (83) 9 9601-1162.<\/p>\n","protected":false},"excerpt":{"rendered":"<p>Pela segunda vez em menos de uma semana, o presidente da Petrobras, Pedro Parente, convocou analistas para tentar acalmar o mercado com rela\u00e7\u00e3o ao risco&hellip; <\/p>\n","protected":false},"author":2,"featured_media":52608,"comment_status":"closed","ping_status":"closed","sticky":false,"template":"","format":"standard","meta":{"sfsi_plus_gutenberg_text_before_share":"","sfsi_plus_gutenberg_show_text_before_share":"","sfsi_plus_gutenberg_icon_type":"","sfsi_plus_gutenberg_icon_alignemt":"","sfsi_plus_gutenburg_max_per_row":"","footnotes":""},"categories":[2],"tags":[],"class_list":["post-52607","post","type-post","status-publish","format-standard","has-post-thumbnail","hentry","category-geral"],"_links":{"self":[{"href":"https:\/\/www.caririemacao.com\/1\/wp-json\/wp\/v2\/posts\/52607","targetHints":{"allow":["GET"]}}],"collection":[{"href":"https:\/\/www.caririemacao.com\/1\/wp-json\/wp\/v2\/posts"}],"about":[{"href":"https:\/\/www.caririemacao.com\/1\/wp-json\/wp\/v2\/types\/post"}],"author":[{"embeddable":true,"href":"https:\/\/www.caririemacao.com\/1\/wp-json\/wp\/v2\/users\/2"}],"replies":[{"embeddable":true,"href":"https:\/\/www.caririemacao.com\/1\/wp-json\/wp\/v2\/comments?post=52607"}],"version-history":[{"count":0,"href":"https:\/\/www.caririemacao.com\/1\/wp-json\/wp\/v2\/posts\/52607\/revisions"}],"wp:featuredmedia":[{"embeddable":true,"href":"https:\/\/www.caririemacao.com\/1\/wp-json\/wp\/v2\/media\/52608"}],"wp:attachment":[{"href":"https:\/\/www.caririemacao.com\/1\/wp-json\/wp\/v2\/media?parent=52607"}],"wp:term":[{"taxonomy":"category","embeddable":true,"href":"https:\/\/www.caririemacao.com\/1\/wp-json\/wp\/v2\/categories?post=52607"},{"taxonomy":"post_tag","embeddable":true,"href":"https:\/\/www.caririemacao.com\/1\/wp-json\/wp\/v2\/tags?post=52607"}],"curies":[{"name":"wp","href":"https:\/\/api.w.org\/{rel}","templated":true}]}}