{"id":52638,"date":"2018-05-30T07:03:06","date_gmt":"2018-05-30T10:03:06","guid":{"rendered":"http:\/\/caririemacao.com\/1\/?p=52638"},"modified":"2018-05-30T07:03:06","modified_gmt":"2018-05-30T10:03:06","slug":"prefeitura-de-caraubas-repovoa-acudes-do-municipio","status":"publish","type":"post","link":"https:\/\/www.caririemacao.com\/1\/2018\/05\/30\/prefeitura-de-caraubas-repovoa-acudes-do-municipio\/","title":{"rendered":"Prefeitura de Cara\u00fabas repovoa a\u00e7udes do munic\u00edpio"},"content":{"rendered":"<p>A Prefeitura Municipal de Cara\u00fabas atrav\u00e9s da secretaria da Agricultura e Abastecimento e em parceria com o Governo do Estado por interm\u00e9dio da EMPASA realizou o repovoamento dos a\u00e7udes de Campos, do Distrito de Barreiras e da comunidade de Barriguda dos Queiroz.<\/p>\n<p>De acordo com o secret\u00e1rio da Agricultura, Rone Feitoza, foram distribu\u00eddos 10.000 (Dez Mil) alevinos das esp\u00e9cies til\u00e1pia e tambaqui. Importante ressaltar que gra\u00e7as ao empenho do Deputado Estadual Adriano Galdino que atendeu ao pleito do prefeito Silvano Dudu atrav\u00e9s de nossa solicita\u00e7\u00e3o foi poss\u00edvel garantir junto a Empasa esta importante parceria, frisou Rone.<\/p>\n<p>Todos s\u00e3o do tamanho juvenil, tamb\u00e9m conhecidos por alavinh\u00f5es, e representam duas esp\u00e9cies: Til\u00e1pia e Tambaqui. O tamanho dos peixes possibilitar\u00e1 menor tempo para que atinjam o tamanho ideal para a pesca.<\/p>\n<p>O prefeito Silvano Dudu ressaltou a import\u00e2ncia de a\u00e7\u00f5es dessa natureza, frisando a disposi\u00e7\u00e3o do atual governo em trazer investimentos para o munic\u00edpio de Cara\u00fabas. Ele afirmou que, em pouco mais de um ano e quatro meses de administra\u00e7\u00e3o, j\u00e1 fizemos mais por Cara\u00fabas que os governos que me antecederam.<\/p>\n<p>O secret\u00e1rio Rone Feitoza tamb\u00e9m falou da import\u00e2ncia deste momento para a Agricultura do munic\u00edpio e em especial aos pescadores que ter\u00e3o a oportunidade depois de mais de sete anos ininterruptos de seca desfrutar num futuro pr\u00f3ximo de uma boa pescaria com peixes de excelente esp\u00e9cie.<\/p>\n<p>Nesta gest\u00e3o do prefeito Silvano Dudu ficamos a vontade para trabalha, desde o in\u00edcio, pois ela \u00e9 focada no desenvolvimento sustent\u00e1vel do munic\u00edpio, buscando o fortalecimento econ\u00f4mico com olhos nas quest\u00f5es sociais e ambientais, pois sabemos que oferecer oportunidade ao homem do campo \u00e9 garantir a ele e seus familiares a continuidade da tradi\u00e7\u00e3o aliada \u00e0 modernidade que o mundo hoje exige de cada um. Fazer com que isso aconte\u00e7a \u00e9 mais que uma meta e mais que um objetivo, \u00e9 uma determina\u00e7\u00e3o, finalizou o secret\u00e1rio.<\/p>\n<p><strong>CARIRI EM A\u00c7\u00c3O<\/strong><\/p>\n<p>Com SEPLACOM\/Foto: Divulga\u00e7\u00e3o<\/p>\n<p>Leia mais not\u00edcias em\u00a0<a href=\"http:\/\/www.caririemacao.com\/\">caririemacao.com<\/a>, siga nossa p\u00e1gina no\u00a0<a href=\"https:\/\/www.facebook.com\/CaririEmAcao\/?ref=aymt_homepage_panel\">Facebook<\/a>,\u00a0<a href=\"https:\/\/www.instagram.com\/cariri_em_acao\/?hl=pt-br\">Instagram<\/a>\u00a0e <a href=\"https:\/\/www.youtube.com\/channel\/UCAptA0jQuYQy8vMhLt2m4qg\">Youtube<\/a>\u00a0e veja nossas mat\u00e9rias, v\u00eddeos e fotos. Voc\u00ea tamb\u00e9m pode enviar informa\u00e7\u00f5es \u00e0 Reda\u00e7\u00e3o do Portal Cariri em A\u00e7\u00e3o pelo WhatsApp (83) 9 9634.5791, (83) 9 9601-1162.<\/p>\n","protected":false},"excerpt":{"rendered":"<p>A Prefeitura Municipal de Cara\u00fabas atrav\u00e9s da secretaria da Agricultura e Abastecimento e em parceria com o Governo do Estado por interm\u00e9dio da EMPASA realizou&hellip; <\/p>\n","protected":false},"author":2,"featured_media":52639,"comment_status":"closed","ping_status":"closed","sticky":false,"template":"","format":"standard","meta":{"sfsi_plus_gutenberg_text_before_share":"","sfsi_plus_gutenberg_show_text_before_share":"","sfsi_plus_gutenberg_icon_type":"","sfsi_plus_gutenberg_icon_alignemt":"","sfsi_plus_gutenburg_max_per_row":"","footnotes":""},"categories":[6],"tags":[],"class_list":["post-52638","post","type-post","status-publish","format-standard","has-post-thumbnail","hentry","category-cidades"],"_links":{"self":[{"href":"https:\/\/www.caririemacao.com\/1\/wp-json\/wp\/v2\/posts\/52638","targetHints":{"allow":["GET"]}}],"collection":[{"href":"https:\/\/www.caririemacao.com\/1\/wp-json\/wp\/v2\/posts"}],"about":[{"href":"https:\/\/www.caririemacao.com\/1\/wp-json\/wp\/v2\/types\/post"}],"author":[{"embeddable":true,"href":"https:\/\/www.caririemacao.com\/1\/wp-json\/wp\/v2\/users\/2"}],"replies":[{"embeddable":true,"href":"https:\/\/www.caririemacao.com\/1\/wp-json\/wp\/v2\/comments?post=52638"}],"version-history":[{"count":0,"href":"https:\/\/www.caririemacao.com\/1\/wp-json\/wp\/v2\/posts\/52638\/revisions"}],"wp:featuredmedia":[{"embeddable":true,"href":"https:\/\/www.caririemacao.com\/1\/wp-json\/wp\/v2\/media\/52639"}],"wp:attachment":[{"href":"https:\/\/www.caririemacao.com\/1\/wp-json\/wp\/v2\/media?parent=52638"}],"wp:term":[{"taxonomy":"category","embeddable":true,"href":"https:\/\/www.caririemacao.com\/1\/wp-json\/wp\/v2\/categories?post=52638"},{"taxonomy":"post_tag","embeddable":true,"href":"https:\/\/www.caririemacao.com\/1\/wp-json\/wp\/v2\/tags?post=52638"}],"curies":[{"name":"wp","href":"https:\/\/api.w.org\/{rel}","templated":true}]}}