{"id":52641,"date":"2018-05-30T07:05:43","date_gmt":"2018-05-30T10:05:43","guid":{"rendered":"http:\/\/caririemacao.com\/1\/?p=52641"},"modified":"2018-05-30T07:05:43","modified_gmt":"2018-05-30T10:05:43","slug":"assistencia-social-de-caraubas-realiza-semana-de-mobilizacao-contra-o-abuso-e-a-exploracao-sexual-de-criancas-e-adolescentes","status":"publish","type":"post","link":"https:\/\/www.caririemacao.com\/1\/2018\/05\/30\/assistencia-social-de-caraubas-realiza-semana-de-mobilizacao-contra-o-abuso-e-a-exploracao-sexual-de-criancas-e-adolescentes\/","title":{"rendered":"Assist\u00eancia Social de Cara\u00fabas realiza semana de mobiliza\u00e7\u00e3o contra o abuso e a explora\u00e7\u00e3o sexual de crian\u00e7as e adolescentes"},"content":{"rendered":"<p>A secretaria da Assist\u00eancia Social do munic\u00edpio de Cara\u00fabas realizou no per\u00edodo de 22 a 25 de maio do corrente a II Mobiliza\u00e7\u00e3o contra o abuso e a explora\u00e7\u00e3o sexual de crian\u00e7as e adolescentes do munic\u00edpio. No Brasil, a viol\u00eancia sexual \u00e9 a quarta viola\u00e7\u00e3o mais recorrente contra crian\u00e7as e adolescentes segundo o Disque Direitos Humanos, (Disque 100).\u00a0\u00a0 O objetivo do evento foi o de apresentar a sociedade caraubense a implanta\u00e7\u00e3o do Plano Municipal de Enfrentamento a viol\u00eancia sexual contra crian\u00e7as e adolescentes, integralidade das pol\u00edticas p\u00fablicas e posicionamento baseado nos princ\u00edpios dos Direitos Humanos, bem como, de despertar nos diversos segmentos existentes a preocupa\u00e7\u00e3o com os direitos adquiridos.<\/p>\n<p>De acordo com a secret\u00e1ria Fl\u00e1via Emanoella Quirino, da Assist\u00eancia Social, precisamos d\u00e1 conhecimento do Estatuto da Crian\u00e7a e do Adolescente\/90, aproximar Conselhos Tutelares, de Direitos, Assist\u00eancia Social, Sa\u00fade, as ONGs e Policias Militar e Civil, dos profissionais da Educa\u00e7\u00e3o e dos familiares de alunos. Dialogar com alunos e alunas, com o proposito de levar informa\u00e7\u00f5es importantes que possam contribuir com o combate ao Abuso e a Explora\u00e7\u00e3o sexual de crian\u00e7as e adolescentes, afirmou ela.<\/p>\n<p>O \u201cDia Nacional de Combate ao Abuso e \u00e0 Explora\u00e7\u00e3o Sexual de Crian\u00e7as e Adolescentes\u201d, foi institu\u00eddo na data de 18 de Maio de 1973, quando no Estado do Espirito Santo, uma menina de 8 anos, chamada Araceli, foi sequestrada, violentada e cruelmente assassinada. Mesmo com o advento da Lei Federal n\u00ba. 9.970\/2000, a barb\u00e1rie e situa\u00e7\u00f5es absurdas de viol\u00eancia contra crian\u00e7as continuam a se repetir.<\/p>\n<p>N\u00e3o basta repetir um dia no ano, uma palestra, um evento, um minicurso etc. A realidade n\u00e3o tem se modificado! De acordo com o prefeito Silvano Dudu a sociedade precisa conhecer para poder combater o abuso sexual. Segundo o gestor municipal, a viol\u00eancia e o abuso est\u00e3o em todos os lugares e em todas as classes sociais.<\/p>\n<p>Foram realizadas a\u00e7\u00f5es nas comunidades do Distrito de Barreiras, comunidade da Passagem e na cidade de Cara\u00fabas envolvendo diversos setores da administra\u00e7\u00e3o p\u00fablica.<\/p>\n<p><strong>CARIRI EM A\u00c7\u00c3O<\/strong><\/p>\n<p>Com SEPLACOM\/Foto:Divulga\u00e7\u00e3o<\/p>\n<p>Leia mais not\u00edcias em\u00a0<a href=\"http:\/\/www.caririemacao.com\/\">caririemacao.com<\/a>, siga nossa p\u00e1gina no\u00a0<a href=\"https:\/\/www.facebook.com\/CaririEmAcao\/?ref=aymt_homepage_panel\">Facebook<\/a>,\u00a0<a href=\"https:\/\/www.instagram.com\/cariri_em_acao\/?hl=pt-br\">Instagram<\/a>\u00a0e <a href=\"https:\/\/www.youtube.com\/channel\/UCAptA0jQuYQy8vMhLt2m4qg\">Youtube<\/a>\u00a0e veja nossas mat\u00e9rias, v\u00eddeos e fotos. Voc\u00ea tamb\u00e9m pode enviar informa\u00e7\u00f5es \u00e0 Reda\u00e7\u00e3o do Portal Cariri em A\u00e7\u00e3o pelo WhatsApp (83) 9 9634.5791, (83) 9 9601-1162.<\/p>\n","protected":false},"excerpt":{"rendered":"<p>A secretaria da Assist\u00eancia Social do munic\u00edpio de Cara\u00fabas realizou no per\u00edodo de 22 a 25 de maio do corrente a II Mobiliza\u00e7\u00e3o contra o&hellip; <\/p>\n","protected":false},"author":2,"featured_media":52642,"comment_status":"closed","ping_status":"closed","sticky":false,"template":"","format":"standard","meta":{"sfsi_plus_gutenberg_text_before_share":"","sfsi_plus_gutenberg_show_text_before_share":"","sfsi_plus_gutenberg_icon_type":"","sfsi_plus_gutenberg_icon_alignemt":"","sfsi_plus_gutenburg_max_per_row":"","footnotes":""},"categories":[2],"tags":[],"class_list":["post-52641","post","type-post","status-publish","format-standard","has-post-thumbnail","hentry","category-geral"],"_links":{"self":[{"href":"https:\/\/www.caririemacao.com\/1\/wp-json\/wp\/v2\/posts\/52641","targetHints":{"allow":["GET"]}}],"collection":[{"href":"https:\/\/www.caririemacao.com\/1\/wp-json\/wp\/v2\/posts"}],"about":[{"href":"https:\/\/www.caririemacao.com\/1\/wp-json\/wp\/v2\/types\/post"}],"author":[{"embeddable":true,"href":"https:\/\/www.caririemacao.com\/1\/wp-json\/wp\/v2\/users\/2"}],"replies":[{"embeddable":true,"href":"https:\/\/www.caririemacao.com\/1\/wp-json\/wp\/v2\/comments?post=52641"}],"version-history":[{"count":0,"href":"https:\/\/www.caririemacao.com\/1\/wp-json\/wp\/v2\/posts\/52641\/revisions"}],"wp:featuredmedia":[{"embeddable":true,"href":"https:\/\/www.caririemacao.com\/1\/wp-json\/wp\/v2\/media\/52642"}],"wp:attachment":[{"href":"https:\/\/www.caririemacao.com\/1\/wp-json\/wp\/v2\/media?parent=52641"}],"wp:term":[{"taxonomy":"category","embeddable":true,"href":"https:\/\/www.caririemacao.com\/1\/wp-json\/wp\/v2\/categories?post=52641"},{"taxonomy":"post_tag","embeddable":true,"href":"https:\/\/www.caririemacao.com\/1\/wp-json\/wp\/v2\/tags?post=52641"}],"curies":[{"name":"wp","href":"https:\/\/api.w.org\/{rel}","templated":true}]}}