{"id":52644,"date":"2018-05-30T07:10:10","date_gmt":"2018-05-30T10:10:10","guid":{"rendered":"http:\/\/caririemacao.com\/1\/?p=52644"},"modified":"2018-05-30T07:10:10","modified_gmt":"2018-05-30T10:10:10","slug":"pontos-de-concentracao-de-caminhoes-em-rodovias-aumentam","status":"publish","type":"post","link":"https:\/\/www.caririemacao.com\/1\/2018\/05\/30\/pontos-de-concentracao-de-caminhoes-em-rodovias-aumentam\/","title":{"rendered":"Pontos de concentra\u00e7\u00e3o de caminh\u00f5es em rodovias aumentam"},"content":{"rendered":"<p>Em balan\u00e7o divulgado na tarde de hoje (29), o governo federal informou que h\u00e1 um total de 616 pontos ativos de concentra\u00e7\u00e3o em rodovias federais no pa\u00eds.<\/p>\n<p>O n\u00famero \u00e9 ligeiramente superior ao de ontem, quando foram registrados 594 pontos de paralisa\u00e7\u00e3o, mas, segundo integrantes do grupo de trabalho criado para monitorar a greve dos caminhoneiros, s\u00f3 h\u00e1 tr\u00eas pontos com interdi\u00e7\u00e3o total das vias: na divisa entre Goi\u00e1s e Distrito Federal (BR-070) e em rodovias n\u00e3o informadas do Cear\u00e1 e de Minas Gerais.<\/p>\n<p>Nos demais pontos, segundo as autoridades, n\u00e3o h\u00e1 bloqueios e o fluxo de ve\u00edculos est\u00e1 liberado. A Pol\u00edcia Rodovi\u00e1ria Federal informou ter feito 751 desinterdi\u00e7\u00f5es em estradas federais.<\/p>\n<p>\u201cVale ressaltar que, nesses pontos, os caminh\u00f5es est\u00e3o ao lado das rodovias, em p\u00e1tios ou postos de combust\u00edvel. Eles est\u00e3o concentrados nessas localidades porque est\u00e3o um tanto quanto receosos de circular nas rodovias [com medo de retalia\u00e7\u00e3o por outros grupos]. Por esse motivo, decidimos criar corredores livres [nas rodovias] para dar seguran\u00e7a e retomar a rotina no transporte de cargas do pa\u00eds\u201d, informou o corregedor-geral da PRF, C\u00e9lio Constantino da Costa.<\/p>\n<p>At\u00e9 agora, o governo liberou tr\u00eas corredores rodovi\u00e1rios: Vilhena (RO)\/Rio Branco (AC), Caracara\u00ed (RR)\/Boa Vista (RR) e Belo Horizonte (MG)\/Bras\u00edlia (DF). Outros corredores ser\u00e3o ativados a partir de amanh\u00e3. Segundo a PRF, a ideia \u00e9 que os caminh\u00f5es comecem a circular em comboios escoltados por policiais.<\/p>\n<p>Com a normaliza\u00e7\u00e3o da circula\u00e7\u00e3o, a PRF e as pol\u00edcias estaduais devem montar postos fixos em pontos estrat\u00e9gicos das rodovias para impedir a forma\u00e7\u00e3o de novas aglomera\u00e7\u00f5es ou mesmo interdi\u00e7\u00f5es da via por manifestantes.<\/p>\n<p>Multas a caminhoneiros<br \/>\nDe acordo com C\u00e9lio Constantino da Costa, da PRF, foram encaminhadas \u00e0 Advocacia-Geral da Uni\u00e3o 176 autua\u00e7\u00f5es contra caminh\u00f5es baseadas na liminar concedida pelo Supremo Tribunal Federal na sexta-feira passada (25). Na decis\u00e3o, ficou estipulada a aplica\u00e7\u00e3o de multas de R$ 100 mil por hora a entidades e R$ 10 mil por dia a motoristas que atuarem em bloqueios de rodovias.<\/p>\n<p>\u201cForam detectadas situa\u00e7\u00f5es em que os caminh\u00f5es estavam parados no acostamento da rodovia ou sobre parte da rodovia. Todas essas autua\u00e7\u00f5es foram feitas pela PRF de forma pulverizada no pa\u00eds\u201d, detalhou.<\/p>\n<p>Pris\u00f5es de manifestantes<br \/>\nAt\u00e9 agora, foram efetuadas sete pris\u00f5es em um ponto de concentra\u00e7\u00e3o no interior do Maranh\u00e3o. O governo n\u00e3o deu detalhes sobre a identidade dessas pessoas nem o local exato do incidente. Segundo o almirante de esquadra Ademir Sobrinho, chefe do Estado-Maior conjunto das For\u00e7as Armadas, as deten\u00e7\u00f5es ocorreram depois que os manifestantes se negaram a cumprir a ordem de desobstru\u00e7\u00e3o da rodovia dada pelas for\u00e7as militares.<\/p>\n<p>\u201cAparentemente, foram populares n\u00e3o ligados a nenhum movimento; tamb\u00e9m n\u00e3o eram caminhoneiros. Houve uso da for\u00e7a porque as pessoas estavam reticentes em desbloquear as estradas\u201d, justificou.<\/p>\n<p>O governo tamb\u00e9m informou que houve situa\u00e7\u00f5es de confronto entre manifestantes e for\u00e7as de seguran\u00e7a em rodovias nas regi\u00f5es de Serop\u00e9dica e Barra Mansa, no estado do Rio de Janeiro, e em Rio Branco (AC). As ocorr\u00eancias foram registradas entre ontem e hoje e n\u00e3o houve pris\u00f5es.<\/p>\n<p>N\u00edvel de abastecimento<br \/>\nO balan\u00e7o apresentado aponta evolu\u00e7\u00e3o nos carregamentos e entrega de combust\u00edvel por caminh\u00f5es-tanque. Segundo o almirante Ademir Sobrinho, o abastecimento j\u00e1 atingiu o volume de 30% da m\u00e9dia di\u00e1ria normal. At\u00e9 ontem, esse percentual estava em 13%.<\/p>\n<p>At\u00e9 as 12h de hoje, haviam sido realizados um total de 572 comboios de caminh\u00f5es-tanque a partir de seis bases priorit\u00e1rias no pa\u00eds: S\u00e3o Paulo, Duque de Caxias (RJ), Paul\u00ednea (SP), Betim (MG), Arauc\u00e1ria (PR) e Canoas (RS).<\/p>\n<p>\u201cHavia um grande desabastecimento de combust\u00edvel e agora esse combust\u00edvel est\u00e1 come\u00e7ando a chegar e est\u00e1 todo mundo com a reserva zerada. A prioridade [das entregas] s\u00e3o aqueles servi\u00e7os essenciais, principalmente transporte urbano, ambul\u00e2ncias e atendimento aos hospitais. Estamos transportando medicamentos\u201d, informou. Al\u00e9m das bases priorit\u00e1rias, comboios de caminh\u00f5es-tanque distribu\u00edram combust\u00edveis em Pernambuco, no Cear\u00e1, Maranh\u00e3o, em Mato Grosso, Mato Grosso do Sul, Rond\u00f4nia e no Acre.<\/p>\n<p>Interven\u00e7\u00e3o militar<br \/>\nPerguntado sobre a participa\u00e7\u00e3o de grupos que pedem interven\u00e7\u00e3o militar nos protestos nas rodovias, o chefe do Estado-Maior Conjunto das For\u00e7as Armadas afirmou que defende a livre manifesta\u00e7\u00e3o, mas n\u00e3o concorda com seu conte\u00fado. \u201cN\u00f3s [os militares] estamos preocupados em fazer o Brasil andar. As pessoas s\u00e3o livres para manifestar sua vontade, mas n\u00e3o temos nenhuma concord\u00e2ncia com isso. Seguimos a Constitui\u00e7\u00e3o, a democracia\u201d, ressaltou o almirante Ademir Sobrinho.<\/p>\n<p>Mais cedo, o ministro-chefe do Gabinete de Seguran\u00e7a Institucional da Presid\u00eancia da Rep\u00fablica, Sergio Etchegoyen, j\u00e1 havia dito que interven\u00e7\u00e3o militar \u201c\u00e9 um assunto do s\u00e9culo passado\u201d. Ele ainda completou: \u201cEu vivo no s\u00e9culo 21, quero construir um pa\u00eds, como todos militares queremos construir\u201d.<\/p>\n<p><strong>CARIRI EM A\u00c7\u00c3O<\/strong><\/p>\n<p>Com Ag\u00eancia Brasil\/Foto: Reprodu\u00e7\u00e3o Internet<\/p>\n<p>Leia mais not\u00edcias em\u00a0<a href=\"http:\/\/www.caririemacao.com\/\">caririemacao.com<\/a>, siga nossa p\u00e1gina no\u00a0<a href=\"https:\/\/www.facebook.com\/CaririEmAcao\/?ref=aymt_homepage_panel\">Facebook<\/a>,\u00a0<a href=\"https:\/\/www.instagram.com\/cariri_em_acao\/?hl=pt-br\">Instagram<\/a>\u00a0e <a href=\"https:\/\/www.youtube.com\/channel\/UCAptA0jQuYQy8vMhLt2m4qg\">Youtube<\/a>\u00a0e veja nossas mat\u00e9rias, v\u00eddeos e fotos. Voc\u00ea tamb\u00e9m pode enviar informa\u00e7\u00f5es \u00e0 Reda\u00e7\u00e3o do Portal Cariri em A\u00e7\u00e3o pelo WhatsApp (83) 9 9634.5791, (83) 9 9601-1162.<\/p>\n","protected":false},"excerpt":{"rendered":"<p>Em balan\u00e7o divulgado na tarde de hoje (29), o governo federal informou que h\u00e1 um total de 616 pontos ativos de concentra\u00e7\u00e3o em rodovias federais&hellip; <\/p>\n","protected":false},"author":2,"featured_media":52645,"comment_status":"closed","ping_status":"closed","sticky":false,"template":"","format":"standard","meta":{"sfsi_plus_gutenberg_text_before_share":"","sfsi_plus_gutenberg_show_text_before_share":"","sfsi_plus_gutenberg_icon_type":"","sfsi_plus_gutenberg_icon_alignemt":"","sfsi_plus_gutenburg_max_per_row":"","footnotes":""},"categories":[2],"tags":[],"class_list":["post-52644","post","type-post","status-publish","format-standard","has-post-thumbnail","hentry","category-geral"],"_links":{"self":[{"href":"https:\/\/www.caririemacao.com\/1\/wp-json\/wp\/v2\/posts\/52644","targetHints":{"allow":["GET"]}}],"collection":[{"href":"https:\/\/www.caririemacao.com\/1\/wp-json\/wp\/v2\/posts"}],"about":[{"href":"https:\/\/www.caririemacao.com\/1\/wp-json\/wp\/v2\/types\/post"}],"author":[{"embeddable":true,"href":"https:\/\/www.caririemacao.com\/1\/wp-json\/wp\/v2\/users\/2"}],"replies":[{"embeddable":true,"href":"https:\/\/www.caririemacao.com\/1\/wp-json\/wp\/v2\/comments?post=52644"}],"version-history":[{"count":0,"href":"https:\/\/www.caririemacao.com\/1\/wp-json\/wp\/v2\/posts\/52644\/revisions"}],"wp:featuredmedia":[{"embeddable":true,"href":"https:\/\/www.caririemacao.com\/1\/wp-json\/wp\/v2\/media\/52645"}],"wp:attachment":[{"href":"https:\/\/www.caririemacao.com\/1\/wp-json\/wp\/v2\/media?parent=52644"}],"wp:term":[{"taxonomy":"category","embeddable":true,"href":"https:\/\/www.caririemacao.com\/1\/wp-json\/wp\/v2\/categories?post=52644"},{"taxonomy":"post_tag","embeddable":true,"href":"https:\/\/www.caririemacao.com\/1\/wp-json\/wp\/v2\/tags?post=52644"}],"curies":[{"name":"wp","href":"https:\/\/api.w.org\/{rel}","templated":true}]}}