{"id":52647,"date":"2018-05-30T07:15:48","date_gmt":"2018-05-30T10:15:48","guid":{"rendered":"http:\/\/caririemacao.com\/1\/?p=52647"},"modified":"2018-05-30T07:15:48","modified_gmt":"2018-05-30T10:15:48","slug":"campanha-de-vacinacao-contra-a-gripe-e-prorrogada","status":"publish","type":"post","link":"https:\/\/www.caririemacao.com\/1\/2018\/05\/30\/campanha-de-vacinacao-contra-a-gripe-e-prorrogada\/","title":{"rendered":"Campanha de vacina\u00e7\u00e3o contra a gripe \u00e9 prorrogada"},"content":{"rendered":"<p>O Minist\u00e9rio da Sa\u00fade (MS) anunciou hoje (29) a prorroga\u00e7\u00e3o da Campanha Nacional de Vacina\u00e7\u00e3o Contra a Gripe at\u00e9 o dia 15 de junho. A decis\u00e3o foi motivada pelos efeitos da paralisa\u00e7\u00e3o dos caminhoneiros no atendimento em sa\u00fade. Inicialmente, o fim da campanha estava previsto para esta sexta-feira, 1\u00b0 de junho.<\/p>\n<p>De acordo com os \u00faltimos dados do minist\u00e9rio, a campanha imunizou 35,6 milh\u00f5es de pessoas, o que equivale a 66% do p\u00fablico-alvo. Para atingir a meta de imunizar 54,4 milh\u00f5es de pessoas, o governo espera, com a prorroga\u00e7\u00e3o da campanha, vacinar os 18,8 milh\u00f5es de brasileiros e brasileiras que ainda n\u00e3o receberam a dose da vacina.<\/p>\n<p>No recorte por estados, os que mais se aproximaram da meta estabelecida foram Goi\u00e1s (99,8%), seguido do Amap\u00e1 (91%), Cear\u00e1 (84%), Distrito Federal (78,5%) e Esp\u00edrito Santo (77,4%).<\/p>\n<p>Por outro lado, os estados com menor cobertura da vacina s\u00e3o Roraima (32,5%), Rio de Janeiro (47,6%), Rond\u00f4nia (51,3%), Amazonas (51,9%) e Acre (52%).<\/p>\n<p>O p\u00fablico-alvo da campanha inclui idosos a partir de 60 anos, crian\u00e7as de seis meses a cinco anos, trabalhadores da sa\u00fade, professores das redes p\u00fablica e privada, povos ind\u00edgenas, gestantes, pu\u00e9rperas (mulheres em at\u00e9 45 dias ap\u00f3s o parto), pessoas privadas de liberdade e funcion\u00e1rios do sistema prisional.<\/p>\n<p>Caso haja disponibilidade de vacinas, os munic\u00edpios podem ampliar o p\u00fablico para crian\u00e7as de cinco a nove anos e adultos com idades entre 50 e 59 anos. O Minist\u00e9rio destaca, no entanto, a import\u00e2ncia de o p\u00fablico-alvo priorit\u00e1rio que ainda n\u00e3o se imunizou procurarem os postos de sa\u00fade. De acordo com o Minist\u00e9rio, 100% das 60 milh\u00f5es de doses de vacina j\u00e1 foram distribu\u00eddas aos estados.<\/p>\n<p>At\u00e9 o momento, o p\u00fablico com maior cobertura s\u00e3o as pu\u00e9rperas (78%), seguido por idosos (75%), professores (73%), trabalhadores da sa\u00fade (71,6%), ind\u00edgenas (63,6%) e gestantes (55%). J\u00e1 entre as crian\u00e7as com idades entre seis meses e cinco anos, o \u00edndice de vacina\u00e7\u00e3o est\u00e1 em pouco menos da metade (49,7%).<\/p>\n<p>Mortes por gripe<br \/>\nDe acordo com o \u00faltimo levantamento do Minist\u00e9rio da Sa\u00fade, foram registrados 2.088 casos de gripe em todo pa\u00eds e 335 pessoas morreram em decorr\u00eancia da doen\u00e7a. O tipo mais grave de gripe foi o H1N1, com 218 \u00f3bitos e 1.262 casos. Das pessoas que faleceram, 70% possu\u00edam ao menos algum fator de risco, como idosos com mais de 60 anos cardiopatas, pneumopatas e com diabetes millitus.<\/p>\n<p><strong>CARIRI EM A\u00c7\u00c3O<\/strong><\/p>\n<p>Com Ag\u00eancia Brasil\/Foto: Reprodu\u00e7\u00e3o Internet<\/p>\n<p>Leia mais not\u00edcias em\u00a0<a href=\"http:\/\/www.caririemacao.com\/\">caririemacao.com<\/a>, siga nossa p\u00e1gina no\u00a0<a href=\"https:\/\/www.facebook.com\/CaririEmAcao\/?ref=aymt_homepage_panel\">Facebook<\/a>,\u00a0<a href=\"https:\/\/www.instagram.com\/cariri_em_acao\/?hl=pt-br\">Instagram<\/a>\u00a0e <a href=\"https:\/\/www.youtube.com\/channel\/UCAptA0jQuYQy8vMhLt2m4qg\">Youtube<\/a>\u00a0e veja nossas mat\u00e9rias, v\u00eddeos e fotos. Voc\u00ea tamb\u00e9m pode enviar informa\u00e7\u00f5es \u00e0 Reda\u00e7\u00e3o do Portal Cariri em A\u00e7\u00e3o pelo WhatsApp (83) 9 9634.5791, (83) 9 9601-1162.<\/p>\n","protected":false},"excerpt":{"rendered":"<p>O Minist\u00e9rio da Sa\u00fade (MS) anunciou hoje (29) a prorroga\u00e7\u00e3o da Campanha Nacional de Vacina\u00e7\u00e3o Contra a Gripe at\u00e9 o dia 15 de junho. A&hellip; <\/p>\n","protected":false},"author":2,"featured_media":44626,"comment_status":"closed","ping_status":"closed","sticky":false,"template":"","format":"standard","meta":{"sfsi_plus_gutenberg_text_before_share":"","sfsi_plus_gutenberg_show_text_before_share":"","sfsi_plus_gutenberg_icon_type":"","sfsi_plus_gutenberg_icon_alignemt":"","sfsi_plus_gutenburg_max_per_row":"","footnotes":""},"categories":[16],"tags":[],"class_list":["post-52647","post","type-post","status-publish","format-standard","has-post-thumbnail","hentry","category-saude"],"_links":{"self":[{"href":"https:\/\/www.caririemacao.com\/1\/wp-json\/wp\/v2\/posts\/52647","targetHints":{"allow":["GET"]}}],"collection":[{"href":"https:\/\/www.caririemacao.com\/1\/wp-json\/wp\/v2\/posts"}],"about":[{"href":"https:\/\/www.caririemacao.com\/1\/wp-json\/wp\/v2\/types\/post"}],"author":[{"embeddable":true,"href":"https:\/\/www.caririemacao.com\/1\/wp-json\/wp\/v2\/users\/2"}],"replies":[{"embeddable":true,"href":"https:\/\/www.caririemacao.com\/1\/wp-json\/wp\/v2\/comments?post=52647"}],"version-history":[{"count":0,"href":"https:\/\/www.caririemacao.com\/1\/wp-json\/wp\/v2\/posts\/52647\/revisions"}],"wp:featuredmedia":[{"embeddable":true,"href":"https:\/\/www.caririemacao.com\/1\/wp-json\/wp\/v2\/media\/44626"}],"wp:attachment":[{"href":"https:\/\/www.caririemacao.com\/1\/wp-json\/wp\/v2\/media?parent=52647"}],"wp:term":[{"taxonomy":"category","embeddable":true,"href":"https:\/\/www.caririemacao.com\/1\/wp-json\/wp\/v2\/categories?post=52647"},{"taxonomy":"post_tag","embeddable":true,"href":"https:\/\/www.caririemacao.com\/1\/wp-json\/wp\/v2\/tags?post=52647"}],"curies":[{"name":"wp","href":"https:\/\/api.w.org\/{rel}","templated":true}]}}