{"id":52944,"date":"2018-06-01T20:35:47","date_gmt":"2018-06-01T23:35:47","guid":{"rendered":"http:\/\/caririemacao.com\/1\/?p=52944"},"modified":"2018-06-01T20:35:47","modified_gmt":"2018-06-01T23:35:47","slug":"apos-saida-de-pedro-parente-governo-admite-mudar-politica-de-combustiveis","status":"publish","type":"post","link":"https:\/\/www.caririemacao.com\/1\/2018\/06\/01\/apos-saida-de-pedro-parente-governo-admite-mudar-politica-de-combustiveis\/","title":{"rendered":"Ap\u00f3s sa\u00edda de Pedro Parente, governo admite mudar pol\u00edtica de combust\u00edveis"},"content":{"rendered":"<p>O governo federal quer propor uma nova pol\u00edtica de pre\u00e7os para o consumidor final de combust\u00edveis, mas sem impacto para a Petrobras e demais empresas do setor, disse nesta sexta-feira o secret\u00e1rio-executivo do Minist\u00e9rio de Minas e Energia, M\u00e1rcio F\u00e9lix.<\/p>\n<p>Os coment\u00e1rios foram feitos ap\u00f3s Pedro Parente pedir demiss\u00e3o da presid\u00eancia da Petrobras, em meio press\u00f5es para uma mudan\u00e7a na pol\u00edtica de pre\u00e7os dos combust\u00edveis.<\/p>\n<p>\u201cA gente espera antes, bem antes do final do ano, j\u00e1 propor, j\u00e1 apresentar uma nova pol\u00edtica para o consumidor, n\u00e3o para a Petrobras ou para qualquer fornecedor\u201d, disse ele a jornalistas, ap\u00f3s uma reuni\u00e3o com distribuidores de combust\u00edveis.<\/p>\n<p>F\u00e9lix explicou que a mudan\u00e7a poderia envolver uma varia\u00e7\u00e3o das al\u00edquotas de impostos atrelada aos pre\u00e7os do petr\u00f3leo, por exemplo.<\/p>\n<p>\u201cSe essas al\u00edquotas, por exemplo, flutuarem, elas podem fazer com que a varia\u00e7\u00e3o de pre\u00e7o n\u00e3o v\u00e1 ao consumidor. Quando o pre\u00e7o t\u00e1 muito alto diminui o imposto\u2026 \u00e9 importante a gente reafirmar o compromisso aqui do governo, do Minist\u00e9rio de Minas e Energia, de n\u00e3o interferir na pol\u00edtica de pre\u00e7os da Petrobras\u201d, afirmou.<\/p>\n<p>Questionado sobre o pedido de demiss\u00e3o Parente, F\u00e9lix elogiou o trabalho do executivo \u00e0 frente da companhia e disse que a sa\u00edda era uma decis\u00e3o pessoal, sobre a qual n\u00e3o houve interfer\u00eancia do governo federal.<\/p>\n<p>\u201cS\u00f3 o pr\u00f3prio presidente Pedro Parente poderia falar da decis\u00e3o dele. Do nosso lado, n\u00e3o houve nenhuma press\u00e3o. As circunst\u00e2ncias todas que aconteceram e surgiram pressionaram a todos. Mas n\u00e3o foi uma press\u00e3o de um para outro, isso n\u00e3o existiu\u201d, disse.<\/p>\n<p>A entrega do cargo por Parente vem em meio a uma intensa press\u00e3o de pol\u00edticos e sindicatos contr\u00e1rios \u00e0 sua atua\u00e7\u00e3o no comando da estatal e defensores de mudan\u00e7as na pol\u00edtica de pre\u00e7os da companhia.<\/p>\n<p>Ap\u00f3s a not\u00edcia do pedido de demiss\u00e3o do executivo, o presidente do Senado, Eun\u00edcio Maia (MDB-CE), utilizou o Twitter para afirmar que o presidente da Petrobras \u201cprecisa reunir vis\u00e3o empresarial, sensibilidade social e responsabilidade pol\u00edtica\u201d.<\/p>\n<p>O senador tamb\u00e9m defendeu que a Ag\u00eancia Nacional do Petr\u00f3leo, G\u00e1s Natural e Biocombust\u00edveis (ANP) tenha \u201cparticipa\u00e7\u00e3o mais ativa\u201d na forma\u00e7\u00e3o de pre\u00e7os dos combust\u00edveis.<\/p>\n<p><strong>CARIRI EM A\u00c7\u00c3O<\/strong><\/p>\n<p>Com Brasil 247\/Foto: Reprodu\u00e7\u00e3o Internet<\/p>\n<p>Leia mais not\u00edcias em\u00a0<a href=\"http:\/\/www.caririemacao.com\/\">caririemacao.com<\/a>, siga nossa p\u00e1gina no\u00a0<a href=\"https:\/\/www.facebook.com\/CaririEmAcao\/?ref=aymt_homepage_panel\">Facebook<\/a>,\u00a0<a href=\"https:\/\/www.instagram.com\/cariri_em_acao\/?hl=pt-br\">Instagram<\/a>\u00a0e\u00a0<a href=\"https:\/\/www.youtube.com\/channel\/UCAptA0jQuYQy8vMhLt2m4qg\">Youtube<\/a>\u00a0e veja nossas mat\u00e9rias, v\u00eddeos e fotos. Voc\u00ea tamb\u00e9m pode enviar informa\u00e7\u00f5es \u00e0 Reda\u00e7\u00e3o do Portal Cariri em A\u00e7\u00e3o pelo WhatsApp (83) 9 9634.5791, (83) 9 9601-1162.<\/p>\n","protected":false},"excerpt":{"rendered":"<p>O governo federal quer propor uma nova pol\u00edtica de pre\u00e7os para o consumidor final de combust\u00edveis, mas sem impacto para a Petrobras e demais empresas&hellip; <\/p>\n","protected":false},"author":2,"featured_media":52945,"comment_status":"closed","ping_status":"closed","sticky":false,"template":"","format":"standard","meta":{"sfsi_plus_gutenberg_text_before_share":"","sfsi_plus_gutenberg_show_text_before_share":"","sfsi_plus_gutenberg_icon_type":"","sfsi_plus_gutenberg_icon_alignemt":"","sfsi_plus_gutenburg_max_per_row":"","footnotes":""},"categories":[2],"tags":[],"class_list":["post-52944","post","type-post","status-publish","format-standard","has-post-thumbnail","hentry","category-geral"],"_links":{"self":[{"href":"https:\/\/www.caririemacao.com\/1\/wp-json\/wp\/v2\/posts\/52944","targetHints":{"allow":["GET"]}}],"collection":[{"href":"https:\/\/www.caririemacao.com\/1\/wp-json\/wp\/v2\/posts"}],"about":[{"href":"https:\/\/www.caririemacao.com\/1\/wp-json\/wp\/v2\/types\/post"}],"author":[{"embeddable":true,"href":"https:\/\/www.caririemacao.com\/1\/wp-json\/wp\/v2\/users\/2"}],"replies":[{"embeddable":true,"href":"https:\/\/www.caririemacao.com\/1\/wp-json\/wp\/v2\/comments?post=52944"}],"version-history":[{"count":0,"href":"https:\/\/www.caririemacao.com\/1\/wp-json\/wp\/v2\/posts\/52944\/revisions"}],"wp:featuredmedia":[{"embeddable":true,"href":"https:\/\/www.caririemacao.com\/1\/wp-json\/wp\/v2\/media\/52945"}],"wp:attachment":[{"href":"https:\/\/www.caririemacao.com\/1\/wp-json\/wp\/v2\/media?parent=52944"}],"wp:term":[{"taxonomy":"category","embeddable":true,"href":"https:\/\/www.caririemacao.com\/1\/wp-json\/wp\/v2\/categories?post=52944"},{"taxonomy":"post_tag","embeddable":true,"href":"https:\/\/www.caririemacao.com\/1\/wp-json\/wp\/v2\/tags?post=52944"}],"curies":[{"name":"wp","href":"https:\/\/api.w.org\/{rel}","templated":true}]}}