{"id":52947,"date":"2018-06-01T20:39:17","date_gmt":"2018-06-01T23:39:17","guid":{"rendered":"http:\/\/caririemacao.com\/1\/?p=52947"},"modified":"2018-06-01T20:39:17","modified_gmt":"2018-06-01T23:39:17","slug":"desconto-do-diesel-chega-as-bombas-ate-segunda-diz-ministro","status":"publish","type":"post","link":"https:\/\/www.caririemacao.com\/1\/2018\/06\/01\/desconto-do-diesel-chega-as-bombas-ate-segunda-diz-ministro\/","title":{"rendered":"Desconto do diesel chega \u00e0s bombas at\u00e9 segunda, diz ministro"},"content":{"rendered":"<p>O ministro da Casa Civil, Eliseu Padilha,\u00a0disse hoje (1\u00ba)\u00a0que o governo prometeu e cumpriu \u201cponto por ponto, v\u00edrgula por v\u00edrgula\u201d , \u201cde forma perempt\u00f3ria\u201d, todas as propostas acertadas com os\u00a0caminhoneiros. Padilha reafirmou que o governo garante a vig\u00eancia do desconto, de R$ 0,46 por litro de \u00f3leo diesel na bomba,\u00a0com base no pre\u00e7o de\u00a021 de maio. \u201cO prazo \u00e9 de 72 horas, na\u00a0segunda-feira todos os postos dever\u00e3o praticar o pre\u00e7o com desconto no \u00f3leo diesel\u201d, acrescentou.<\/p>\n<p>Segundo o ministro, h\u00e1\u00a0grupos de\u00a0caminhoneiros que ainda n\u00e3o entenderam o acordo, em especial a quest\u00e3o do veto ao PIS-Cofins. \u201cA lei de responsabilidade fiscal impede que se zere\u00a0essas contribui\u00e7\u00f5es, sem compensa\u00e7\u00f5es\u201d, explicou. Padilha enumerou mais uma vez como o desconto foi composto: \u201cR$ 0,05 vieram do fim da\u00a0 Cide e R$ 0,41 do PIS\/Cofins, mas da seguinte forma: uma contrapartida de R$ 0,11 e do\u00a0Tesoruo Nacional est\u00e3o\u00a0saindo R$ 0,30\u201d.<\/p>\n<p>Padilha destacou que outros pontos do acordo j\u00e1 est\u00e3o em vigor:\u00a0 a n\u00e3o cobran\u00e7a de ped\u00e1gio do eixo suspenso, em vigor desde\u00a0ontem,\u00a0a reserva de 30% de frete na Companhia Nacional de Abastecimento (Conab) para caminhoneiros aut\u00f4nomos,\u00a0e tabela pre\u00e7o m\u00ednimo para o frete.<\/p>\n<p>O ministro\u00a0lembrou ainda que\u00a0todas as for\u00e7as federais foram acionadas,\u00a0sem um \u00fanico registro de viol\u00eancia. \u201cIsso \u00e9 important\u00edssimo\u201d, disse. Ele agradeceu a todos: aos caminhoneiros aut\u00f4nomos, \u00e0 confedera\u00e7\u00e3o do setor de transportes e \u00e0 sociedade. \u201cReconhecemos que tivemos todos de dar uma cota de sacrif\u00edcios, mas\u00a0 caminhamos celeremente rumo \u00e0 normaliza\u00e7\u00e3o\u201d, completou.<\/p>\n<p><strong>CARIRI EM A\u00c7\u00c3O<\/strong><\/p>\n<p>Com Wscom\/Foto: Reprodu\u00e7\u00e3o Internet<\/p>\n<p>Leia mais not\u00edcias em\u00a0<a href=\"http:\/\/www.caririemacao.com\/\">caririemacao.com<\/a>, siga nossa p\u00e1gina no\u00a0<a href=\"https:\/\/www.facebook.com\/CaririEmAcao\/?ref=aymt_homepage_panel\">Facebook<\/a>,\u00a0<a href=\"https:\/\/www.instagram.com\/cariri_em_acao\/?hl=pt-br\">Instagram<\/a>\u00a0e\u00a0<a href=\"https:\/\/www.youtube.com\/channel\/UCAptA0jQuYQy8vMhLt2m4qg\">Youtube<\/a>\u00a0e veja nossas mat\u00e9rias, v\u00eddeos e fotos. Voc\u00ea tamb\u00e9m pode enviar informa\u00e7\u00f5es \u00e0 Reda\u00e7\u00e3o do Portal Cariri em A\u00e7\u00e3o pelo WhatsApp (83) 9 9634.5791, (83) 9 9601-1162.<\/p>\n","protected":false},"excerpt":{"rendered":"<p>O ministro da Casa Civil, Eliseu Padilha,\u00a0disse hoje (1\u00ba)\u00a0que o governo prometeu e cumpriu \u201cponto por ponto, v\u00edrgula por v\u00edrgula\u201d , \u201cde forma perempt\u00f3ria\u201d, todas&hellip; <\/p>\n","protected":false},"author":2,"featured_media":52948,"comment_status":"closed","ping_status":"closed","sticky":false,"template":"","format":"standard","meta":{"sfsi_plus_gutenberg_text_before_share":"","sfsi_plus_gutenberg_show_text_before_share":"","sfsi_plus_gutenberg_icon_type":"","sfsi_plus_gutenberg_icon_alignemt":"","sfsi_plus_gutenburg_max_per_row":"","footnotes":""},"categories":[2],"tags":[],"class_list":["post-52947","post","type-post","status-publish","format-standard","has-post-thumbnail","hentry","category-geral"],"_links":{"self":[{"href":"https:\/\/www.caririemacao.com\/1\/wp-json\/wp\/v2\/posts\/52947","targetHints":{"allow":["GET"]}}],"collection":[{"href":"https:\/\/www.caririemacao.com\/1\/wp-json\/wp\/v2\/posts"}],"about":[{"href":"https:\/\/www.caririemacao.com\/1\/wp-json\/wp\/v2\/types\/post"}],"author":[{"embeddable":true,"href":"https:\/\/www.caririemacao.com\/1\/wp-json\/wp\/v2\/users\/2"}],"replies":[{"embeddable":true,"href":"https:\/\/www.caririemacao.com\/1\/wp-json\/wp\/v2\/comments?post=52947"}],"version-history":[{"count":0,"href":"https:\/\/www.caririemacao.com\/1\/wp-json\/wp\/v2\/posts\/52947\/revisions"}],"wp:featuredmedia":[{"embeddable":true,"href":"https:\/\/www.caririemacao.com\/1\/wp-json\/wp\/v2\/media\/52948"}],"wp:attachment":[{"href":"https:\/\/www.caririemacao.com\/1\/wp-json\/wp\/v2\/media?parent=52947"}],"wp:term":[{"taxonomy":"category","embeddable":true,"href":"https:\/\/www.caririemacao.com\/1\/wp-json\/wp\/v2\/categories?post=52947"},{"taxonomy":"post_tag","embeddable":true,"href":"https:\/\/www.caririemacao.com\/1\/wp-json\/wp\/v2\/tags?post=52947"}],"curies":[{"name":"wp","href":"https:\/\/api.w.org\/{rel}","templated":true}]}}