{"id":52951,"date":"2018-06-01T20:59:57","date_gmt":"2018-06-01T23:59:57","guid":{"rendered":"http:\/\/caririemacao.com\/1\/?p=52951"},"modified":"2018-06-01T20:59:57","modified_gmt":"2018-06-01T23:59:57","slug":"dois-homicidios-sao-registrados-em-menos-de-cinco-horas","status":"publish","type":"post","link":"https:\/\/www.caririemacao.com\/1\/2018\/06\/01\/dois-homicidios-sao-registrados-em-menos-de-cinco-horas\/","title":{"rendered":"Dois homic\u00eddios s\u00e3o registrados em menos de cinco horas"},"content":{"rendered":"<div class=\"mc-column content-text active-extra-styles active-capital-letter\" data-block-type=\"unstyled\" data-block-weight=\"56\" data-block-id=\"2\">\n<p class=\"content-text__container theme-color-primary-first-letter\" data-track-category=\"Link no Texto\" data-track-links=\"\">Dois homic\u00eddios foram registrados em menos de cinco horas, entre a noite da quinta (31) e sexta-feira (1\u00ba), em Campina Grande. De acordo com a Pol\u00edcia Civil, dois homens foram mortos a tiros, um no bairro Jos\u00e9 Pinheiro e outro no bairro Catol\u00e9. Al\u00e9m disso, durante uma das a\u00e7\u00f5es criminosas, uma mulher foi baleada na perna.<\/p>\n<\/div>\n<div class=\"wall\">\n<div class=\"mc-column content-text active-extra-styles \" data-block-type=\"unstyled\" data-block-weight=\"32\" data-block-id=\"3\">\n<p class=\"content-text__container \" data-track-category=\"Link no Texto\" data-track-links=\"\">Segundo a pol\u00edcia, por volta das 21h30 da quinta-feira, Ant\u00f4nio Graciano de Oliveira, de 55 anos, foi morto com cinco tiros na Avenida Ministro Jos\u00e9 Am\u00e9rico de Almeida, no bairro Jos\u00e9 Pinheiro.<\/p>\n<\/div>\n<div class=\"mc-column content-text active-extra-styles \" data-block-type=\"unstyled\" data-block-weight=\"58\" data-block-id=\"4\">\n<p class=\"content-text__container \" data-track-category=\"Link no Texto\" data-track-links=\"\">J\u00e1 na madrugada desta sexta-feira (1\u00ba), por volta de 1h30, outro homem foi morto a tiros na frente de um bar, na rua Vig\u00e1rio Calixto, no bairro Catol\u00e9. A v\u00edtima foi identificada como Fl\u00e1vio Veloso da Silveira, de 40 anos e, de acordo com a pol\u00edcia, moradores que viram como o crime aconteceu n\u00e3o quiseram relatar o caso.<\/p>\n<\/div>\n<div class=\"mc-column content-text active-extra-styles \" data-block-type=\"unstyled\" data-block-weight=\"16\" data-block-id=\"5\">\n<p class=\"content-text__container \" data-track-category=\"Link no Texto\" data-track-links=\"\">At\u00e9 a manh\u00e3 desta sexta-feira, a pol\u00edcia informou que nenhum dos suspeitos dos crimes foram localizados.<\/p>\n<\/div>\n<div class=\"mc-column content-text active-extra-styles\" data-block-type=\"raw\" data-block-weight=\"6\" data-block-id=\"6\">\n<div class=\"content-intertitle\">\n<h2>Mulher baleada na perna durante homic\u00eddo<\/h2>\n<\/div>\n<\/div>\n<div class=\"mc-column content-text active-extra-styles \" data-block-type=\"unstyled\" data-block-weight=\"38\" data-block-id=\"7\">\n<p class=\"content-text__container \" data-track-category=\"Link no Texto\" data-track-links=\"\">A pol\u00edcia disse ainda que a v\u00edtima morta no bairro Jos\u00e9 Pinheiro, na quinta-feira, estava sendo seguida pelos suspeitos, quando os criminosos come\u00e7aram a atirar e uma mulher, que fechava uma lanchonete no local, foi baleada na perna.<\/p>\n<\/div>\n<\/div>\n<div data-track-category=\"fim do conteudo\" data-track-action=\"ultimo chunk conteudo\" data-track-noninteraction=\"false\" data-track-scroll=\"entrada completa viewport\">\n<div class=\"mc-column content-text active-extra-styles \" data-block-type=\"unstyled\" data-block-weight=\"45\" data-block-id=\"8\">\n<p class=\"content-text__container \" data-track-category=\"Link no Texto\" data-track-links=\"\">Marinalva da Silva Almeida, de 45 anos, foi socorrida pelo Servi\u00e7o de Atendimento M\u00f3vel de Urg\u00eancia (Samu) e levada para o Hospital de Trauma de Campina Grande. A informa\u00e7\u00e3o da pol\u00edcia \u00e9 de que a mulher foi atendida e nesta sexta-feira j\u00e1 havia recebido alta.<\/p>\n<p><strong>CARIRI EM A\u00c7\u00c3O<\/strong><\/p>\n<p>Com G1\/Foto: Reprodu\u00e7\u00e3o Internet<\/p>\n<p>Leia mais not\u00edcias em\u00a0<a href=\"http:\/\/www.caririemacao.com\/\">caririemacao.com<\/a>, siga nossa p\u00e1gina no\u00a0<a href=\"https:\/\/www.facebook.com\/CaririEmAcao\/?ref=aymt_homepage_panel\">Facebook<\/a>,\u00a0<a href=\"https:\/\/www.instagram.com\/cariri_em_acao\/?hl=pt-br\">Instagram<\/a>\u00a0e\u00a0<a href=\"https:\/\/www.youtube.com\/channel\/UCAptA0jQuYQy8vMhLt2m4qg\">Youtube<\/a>\u00a0e veja nossas mat\u00e9rias, v\u00eddeos e fotos. Voc\u00ea tamb\u00e9m pode enviar informa\u00e7\u00f5es \u00e0 Reda\u00e7\u00e3o do Portal Cariri em A\u00e7\u00e3o pelo WhatsApp (83) 9 9634.5791, (83) 9 9601-1162.<\/p>\n<\/div>\n<\/div>\n","protected":false},"excerpt":{"rendered":"<p>Dois homic\u00eddios foram registrados em menos de cinco horas, entre a noite da quinta (31) e sexta-feira (1\u00ba), em Campina Grande. De acordo com a&hellip; <\/p>\n","protected":false},"author":2,"featured_media":52952,"comment_status":"closed","ping_status":"closed","sticky":false,"template":"","format":"standard","meta":{"sfsi_plus_gutenberg_text_before_share":"","sfsi_plus_gutenberg_show_text_before_share":"","sfsi_plus_gutenberg_icon_type":"","sfsi_plus_gutenberg_icon_alignemt":"","sfsi_plus_gutenburg_max_per_row":"","footnotes":""},"categories":[12],"tags":[],"class_list":["post-52951","post","type-post","status-publish","format-standard","has-post-thumbnail","hentry","category-policia"],"_links":{"self":[{"href":"https:\/\/www.caririemacao.com\/1\/wp-json\/wp\/v2\/posts\/52951","targetHints":{"allow":["GET"]}}],"collection":[{"href":"https:\/\/www.caririemacao.com\/1\/wp-json\/wp\/v2\/posts"}],"about":[{"href":"https:\/\/www.caririemacao.com\/1\/wp-json\/wp\/v2\/types\/post"}],"author":[{"embeddable":true,"href":"https:\/\/www.caririemacao.com\/1\/wp-json\/wp\/v2\/users\/2"}],"replies":[{"embeddable":true,"href":"https:\/\/www.caririemacao.com\/1\/wp-json\/wp\/v2\/comments?post=52951"}],"version-history":[{"count":0,"href":"https:\/\/www.caririemacao.com\/1\/wp-json\/wp\/v2\/posts\/52951\/revisions"}],"wp:featuredmedia":[{"embeddable":true,"href":"https:\/\/www.caririemacao.com\/1\/wp-json\/wp\/v2\/media\/52952"}],"wp:attachment":[{"href":"https:\/\/www.caririemacao.com\/1\/wp-json\/wp\/v2\/media?parent=52951"}],"wp:term":[{"taxonomy":"category","embeddable":true,"href":"https:\/\/www.caririemacao.com\/1\/wp-json\/wp\/v2\/categories?post=52951"},{"taxonomy":"post_tag","embeddable":true,"href":"https:\/\/www.caririemacao.com\/1\/wp-json\/wp\/v2\/tags?post=52951"}],"curies":[{"name":"wp","href":"https:\/\/api.w.org\/{rel}","templated":true}]}}