{"id":52954,"date":"2018-06-01T21:09:23","date_gmt":"2018-06-02T00:09:23","guid":{"rendered":"http:\/\/caririemacao.com\/1\/?p=52954"},"modified":"2018-06-01T21:09:23","modified_gmt":"2018-06-02T00:09:23","slug":"governo-federal-reajusta-bolsa-familia-em-567","status":"publish","type":"post","link":"https:\/\/www.caririemacao.com\/1\/2018\/06\/01\/governo-federal-reajusta-bolsa-familia-em-567\/","title":{"rendered":"Governo federal reajusta Bolsa Fam\u00edlia em 5,67%"},"content":{"rendered":"<p>O governo federal reajustou nesta sexta (1\u00ba) o valor do benef\u00edcio do Bolsa Fam\u00edlia.\u00a0A medida j\u00e1 havia sido anunciada\u00a0pelo presidente Michel Temer em abril.\u00a0De acordo com o Minist\u00e9rio do Desenvolvimento Social (MDS), o reajuste\u00a0\u00e9 de 5,67% no valor do benef\u00edcio m\u00e9dio. Com a altera\u00e7\u00e3o, o valor passar\u00e1 de R$ 177,71 para uma quantia estimada em R$ 187,79.\u00a0O decreto foi publicado no\u00a0Di\u00e1rio Oficial da Uni\u00e3o\u00a0desta sexta-feira.<\/p>\n<p>O reajuste autorizado para o programa \u00e9 maior que a infla\u00e7\u00e3o acumulada de julho de 2016 a mar\u00e7o de 2018, que foi 4,01%. Segundo o governo, a suplementa\u00e7\u00e3o or\u00e7ament\u00e1ria para este ano, para cumprir o reajuste, ser\u00e1 de R$ 684 milh\u00f5es.<\/p>\n<p><strong>Como funciona o programa<\/strong><\/p>\n<p>O programa de transfer\u00eancia de renda atende fam\u00edlias em situa\u00e7\u00e3o de pobreza e de extrema pobreza, com renda familiar mensal per capita de at\u00e9 R$ 178 e R$ 89 respectivamente.<\/p>\n<p>Al\u00e9m da complementa\u00e7\u00e3o de renda, o programa garante acesso a direitos como educa\u00e7\u00e3o, sa\u00fade e assist\u00eancia social, e articula\u00e7\u00e3o com outras a\u00e7\u00f5es visando o desenvolvimento das fam\u00edlias benefici\u00e1rias.<\/p>\n<p>As fam\u00edlias interessadas em entrar no programa devem se inscrever no Cadastro \u00danico para Programas Sociais do Governo Federal. O cadastramento pode ser feito nos Centros de Refer\u00eancia de Assist\u00eancia Social (Cras) ou na gest\u00e3o municipal do Bolsa Fam\u00edlia e do Cadastro \u00danico.<\/p>\n<p>Atualmente, o programa transfere recursos a 13,7 milh\u00f5es de fam\u00edlias em todos os munic\u00edpios do Brasil.<\/p>\n<p><strong>CARIRI EM A\u00c7\u00c3O<\/strong><\/p>\n<p>Com Portal Correio\/Foto: Reprodu\u00e7\u00e3o Internet<\/p>\n<p>Leia mais not\u00edcias em\u00a0<a href=\"http:\/\/www.caririemacao.com\/\">caririemacao.com<\/a>, siga nossa p\u00e1gina no\u00a0<a href=\"https:\/\/www.facebook.com\/CaririEmAcao\/?ref=aymt_homepage_panel\">Facebook<\/a>,\u00a0<a href=\"https:\/\/www.instagram.com\/cariri_em_acao\/?hl=pt-br\">Instagram<\/a>\u00a0e\u00a0<a href=\"https:\/\/www.youtube.com\/channel\/UCAptA0jQuYQy8vMhLt2m4qg\">Youtube<\/a>\u00a0e veja nossas mat\u00e9rias, v\u00eddeos e fotos. Voc\u00ea tamb\u00e9m pode enviar informa\u00e7\u00f5es \u00e0 Reda\u00e7\u00e3o do Portal Cariri em A\u00e7\u00e3o pelo WhatsApp (83) 9 9634.5791, (83) 9 9601-1162.<\/p>\n","protected":false},"excerpt":{"rendered":"<p>O governo federal reajustou nesta sexta (1\u00ba) o valor do benef\u00edcio do Bolsa Fam\u00edlia.\u00a0A medida j\u00e1 havia sido anunciada\u00a0pelo presidente Michel Temer em abril.\u00a0De acordo&hellip; <\/p>\n","protected":false},"author":2,"featured_media":52955,"comment_status":"closed","ping_status":"closed","sticky":false,"template":"","format":"standard","meta":{"sfsi_plus_gutenberg_text_before_share":"","sfsi_plus_gutenberg_show_text_before_share":"","sfsi_plus_gutenberg_icon_type":"","sfsi_plus_gutenberg_icon_alignemt":"","sfsi_plus_gutenburg_max_per_row":"","footnotes":""},"categories":[2],"tags":[],"class_list":["post-52954","post","type-post","status-publish","format-standard","has-post-thumbnail","hentry","category-geral"],"_links":{"self":[{"href":"https:\/\/www.caririemacao.com\/1\/wp-json\/wp\/v2\/posts\/52954","targetHints":{"allow":["GET"]}}],"collection":[{"href":"https:\/\/www.caririemacao.com\/1\/wp-json\/wp\/v2\/posts"}],"about":[{"href":"https:\/\/www.caririemacao.com\/1\/wp-json\/wp\/v2\/types\/post"}],"author":[{"embeddable":true,"href":"https:\/\/www.caririemacao.com\/1\/wp-json\/wp\/v2\/users\/2"}],"replies":[{"embeddable":true,"href":"https:\/\/www.caririemacao.com\/1\/wp-json\/wp\/v2\/comments?post=52954"}],"version-history":[{"count":0,"href":"https:\/\/www.caririemacao.com\/1\/wp-json\/wp\/v2\/posts\/52954\/revisions"}],"wp:featuredmedia":[{"embeddable":true,"href":"https:\/\/www.caririemacao.com\/1\/wp-json\/wp\/v2\/media\/52955"}],"wp:attachment":[{"href":"https:\/\/www.caririemacao.com\/1\/wp-json\/wp\/v2\/media?parent=52954"}],"wp:term":[{"taxonomy":"category","embeddable":true,"href":"https:\/\/www.caririemacao.com\/1\/wp-json\/wp\/v2\/categories?post=52954"},{"taxonomy":"post_tag","embeddable":true,"href":"https:\/\/www.caririemacao.com\/1\/wp-json\/wp\/v2\/tags?post=52954"}],"curies":[{"name":"wp","href":"https:\/\/api.w.org\/{rel}","templated":true}]}}