{"id":52957,"date":"2018-06-01T21:12:32","date_gmt":"2018-06-02T00:12:32","guid":{"rendered":"http:\/\/caririemacao.com\/1\/?p=52957"},"modified":"2018-06-01T21:12:32","modified_gmt":"2018-06-02T00:12:32","slug":"divulgado-o-cronograma-de-provas-do-gira-mundo","status":"publish","type":"post","link":"https:\/\/www.caririemacao.com\/1\/2018\/06\/01\/divulgado-o-cronograma-de-provas-do-gira-mundo\/","title":{"rendered":"Divulgado o cronograma de provas do Gira Mundo"},"content":{"rendered":"<p>O Governo do Estado divulgou, nesta sexta-feira (1\u00ba), o cronograma de aplica\u00e7\u00e3o das provas da sele\u00e7\u00e3o 2018 do programa Gira Mundo em todo o estado da Para\u00edba.\u00a0Est\u00e3o envolvidos 3 mil estudantes de todo o estado e as provas ser\u00e3o aplicadas nos dias 4, 5 e 8 de junho.<\/p>\n<p>A confec\u00e7\u00e3o e aplica\u00e7\u00e3o das provas ser\u00e3o realizadas em parceria com o Centro Estadual de L\u00ednguas e a Universidade Estadual da Para\u00edba (UEPB)<\/p>\n<p>No dia 4 de junho, ser\u00e3o aplicadas as provas de L\u00edngua Inglesa. No dia 5 de junho, acontecer\u00e3o as provas de L\u00edngua Espanhola e no dia 8 de junho ser\u00e3o realizadas as provas de L\u00edngua Portuguesa.<\/p>\n<p><strong>CARIRI EM A\u00c7\u00c3O<\/strong><\/p>\n<p>Com Portal Correio\/Foto: Reprodu\u00e7\u00e3o Internet<\/p>\n<p>Leia mais not\u00edcias em\u00a0<a href=\"http:\/\/www.caririemacao.com\/\">caririemacao.com<\/a>, siga nossa p\u00e1gina no\u00a0<a href=\"https:\/\/www.facebook.com\/CaririEmAcao\/?ref=aymt_homepage_panel\">Facebook<\/a>,\u00a0<a href=\"https:\/\/www.instagram.com\/cariri_em_acao\/?hl=pt-br\">Instagram<\/a>\u00a0e\u00a0<a href=\"https:\/\/www.youtube.com\/channel\/UCAptA0jQuYQy8vMhLt2m4qg\">Youtube<\/a>\u00a0e veja nossas mat\u00e9rias, v\u00eddeos e fotos. Voc\u00ea tamb\u00e9m pode enviar informa\u00e7\u00f5es \u00e0 Reda\u00e7\u00e3o do Portal Cariri em A\u00e7\u00e3o pelo WhatsApp (83) 9 9634.5791, (83) 9 9601-1162.<\/p>\n","protected":false},"excerpt":{"rendered":"<p>O Governo do Estado divulgou, nesta sexta-feira (1\u00ba), o cronograma de aplica\u00e7\u00e3o das provas da sele\u00e7\u00e3o 2018 do programa Gira Mundo em todo o estado&hellip; <\/p>\n","protected":false},"author":2,"featured_media":52958,"comment_status":"closed","ping_status":"closed","sticky":false,"template":"","format":"standard","meta":{"sfsi_plus_gutenberg_text_before_share":"","sfsi_plus_gutenberg_show_text_before_share":"","sfsi_plus_gutenberg_icon_type":"","sfsi_plus_gutenberg_icon_alignemt":"","sfsi_plus_gutenburg_max_per_row":"","footnotes":""},"categories":[14],"tags":[],"class_list":["post-52957","post","type-post","status-publish","format-standard","has-post-thumbnail","hentry","category-educacao"],"_links":{"self":[{"href":"https:\/\/www.caririemacao.com\/1\/wp-json\/wp\/v2\/posts\/52957","targetHints":{"allow":["GET"]}}],"collection":[{"href":"https:\/\/www.caririemacao.com\/1\/wp-json\/wp\/v2\/posts"}],"about":[{"href":"https:\/\/www.caririemacao.com\/1\/wp-json\/wp\/v2\/types\/post"}],"author":[{"embeddable":true,"href":"https:\/\/www.caririemacao.com\/1\/wp-json\/wp\/v2\/users\/2"}],"replies":[{"embeddable":true,"href":"https:\/\/www.caririemacao.com\/1\/wp-json\/wp\/v2\/comments?post=52957"}],"version-history":[{"count":0,"href":"https:\/\/www.caririemacao.com\/1\/wp-json\/wp\/v2\/posts\/52957\/revisions"}],"wp:featuredmedia":[{"embeddable":true,"href":"https:\/\/www.caririemacao.com\/1\/wp-json\/wp\/v2\/media\/52958"}],"wp:attachment":[{"href":"https:\/\/www.caririemacao.com\/1\/wp-json\/wp\/v2\/media?parent=52957"}],"wp:term":[{"taxonomy":"category","embeddable":true,"href":"https:\/\/www.caririemacao.com\/1\/wp-json\/wp\/v2\/categories?post=52957"},{"taxonomy":"post_tag","embeddable":true,"href":"https:\/\/www.caririemacao.com\/1\/wp-json\/wp\/v2\/tags?post=52957"}],"curies":[{"name":"wp","href":"https:\/\/api.w.org\/{rel}","templated":true}]}}