{"id":52960,"date":"2018-06-01T21:23:06","date_gmt":"2018-06-02T00:23:06","guid":{"rendered":"http:\/\/caririemacao.com\/1\/?p=52960"},"modified":"2018-06-01T21:23:06","modified_gmt":"2018-06-02T00:23:06","slug":"pt-pb-revela-que-pode-lancar-nome-de-deputado-como-candidato-a-governador","status":"publish","type":"post","link":"https:\/\/www.caririemacao.com\/1\/2018\/06\/01\/pt-pb-revela-que-pode-lancar-nome-de-deputado-como-candidato-a-governador\/","title":{"rendered":"PT\/PB revela que pode lan\u00e7ar nome de deputado como candidato a governador"},"content":{"rendered":"<p>O presidente estadual do PT, Jackson Macedo, afirmou que caso o partido n\u00e3o tenha espa\u00e7o na chapa majorit\u00e1ria do pr\u00e9-candidato a governador do PSB, Jo\u00e3o Azevedo, \u00e9 poss\u00edvel que seja lan\u00e7ado o nome do deputado estadual An\u00edsio Maia (PT) como pr\u00e9-candidato a governador pela legenda.<\/p>\n<p>Ele citou que An\u00edsio se colocou \u00e0 disposi\u00e7\u00e3o e disse que pode deixar de disputar a reelei\u00e7\u00e3o para ser candidato a governador.<\/p>\n<p>\u2013 Caso o PT n\u00e3o seja contemplado com a participa\u00e7\u00e3o nessa chapa, o PT pode ter sim um candidato a governador. O deputado An\u00edsio Maia colocou o seu nome de forma veemente \u00e0 disposi\u00e7\u00e3o para disputar a vaga de governador pelo Estado \u2013 disse.<\/p>\n<p><strong>CARIRI EM A\u00c7\u00c3O<\/strong><\/p>\n<p>R\u00e1dio Arapuan FM com Paraiba online\/Foto: Reprodu\u00e7\u00e3o<\/p>\n<p>Leia mais not\u00edcias em\u00a0<a href=\"http:\/\/www.caririemacao.com\/\">caririemacao.com<\/a>, siga nossa p\u00e1gina no\u00a0<a href=\"https:\/\/www.facebook.com\/CaririEmAcao\/?ref=aymt_homepage_panel\">Facebook<\/a>,\u00a0<a href=\"https:\/\/www.instagram.com\/cariri_em_acao\/?hl=pt-br\">Instagram<\/a>\u00a0e\u00a0<a href=\"https:\/\/www.youtube.com\/channel\/UCAptA0jQuYQy8vMhLt2m4qg\">Youtube<\/a>\u00a0e veja nossas mat\u00e9rias, v\u00eddeos e fotos. Voc\u00ea tamb\u00e9m pode enviar informa\u00e7\u00f5es \u00e0 Reda\u00e7\u00e3o do Portal Cariri em A\u00e7\u00e3o pelo WhatsApp (83) 9 9634.5791, (83) 9 9601-1162.<\/p>\n","protected":false},"excerpt":{"rendered":"<p>O presidente estadual do PT, Jackson Macedo, afirmou que caso o partido n\u00e3o tenha espa\u00e7o na chapa majorit\u00e1ria do pr\u00e9-candidato a governador do PSB, Jo\u00e3o&hellip; <\/p>\n","protected":false},"author":2,"featured_media":0,"comment_status":"closed","ping_status":"closed","sticky":false,"template":"","format":"standard","meta":{"sfsi_plus_gutenberg_text_before_share":"","sfsi_plus_gutenberg_show_text_before_share":"","sfsi_plus_gutenberg_icon_type":"","sfsi_plus_gutenberg_icon_alignemt":"","sfsi_plus_gutenburg_max_per_row":"","footnotes":""},"categories":[1],"tags":[],"class_list":["post-52960","post","type-post","status-publish","format-standard","hentry","category-o-site"],"_links":{"self":[{"href":"https:\/\/www.caririemacao.com\/1\/wp-json\/wp\/v2\/posts\/52960","targetHints":{"allow":["GET"]}}],"collection":[{"href":"https:\/\/www.caririemacao.com\/1\/wp-json\/wp\/v2\/posts"}],"about":[{"href":"https:\/\/www.caririemacao.com\/1\/wp-json\/wp\/v2\/types\/post"}],"author":[{"embeddable":true,"href":"https:\/\/www.caririemacao.com\/1\/wp-json\/wp\/v2\/users\/2"}],"replies":[{"embeddable":true,"href":"https:\/\/www.caririemacao.com\/1\/wp-json\/wp\/v2\/comments?post=52960"}],"version-history":[{"count":0,"href":"https:\/\/www.caririemacao.com\/1\/wp-json\/wp\/v2\/posts\/52960\/revisions"}],"wp:attachment":[{"href":"https:\/\/www.caririemacao.com\/1\/wp-json\/wp\/v2\/media?parent=52960"}],"wp:term":[{"taxonomy":"category","embeddable":true,"href":"https:\/\/www.caririemacao.com\/1\/wp-json\/wp\/v2\/categories?post=52960"},{"taxonomy":"post_tag","embeddable":true,"href":"https:\/\/www.caririemacao.com\/1\/wp-json\/wp\/v2\/tags?post=52960"}],"curies":[{"name":"wp","href":"https:\/\/api.w.org\/{rel}","templated":true}]}}