{"id":52970,"date":"2018-06-01T21:42:35","date_gmt":"2018-06-02T00:42:35","guid":{"rendered":"http:\/\/caririemacao.com\/1\/?p=52970"},"modified":"2018-06-01T21:50:16","modified_gmt":"2018-06-02T00:50:16","slug":"correios-devem-demorar-15-dias-para-normalizar-entregas","status":"publish","type":"post","link":"https:\/\/www.caririemacao.com\/1\/2018\/06\/01\/correios-devem-demorar-15-dias-para-normalizar-entregas\/","title":{"rendered":"Correios devem demorar 15 dias para normalizar entregas"},"content":{"rendered":"<p>Os Correios devem demorar cerca de 15 dias para conseguir normalizar as entregas atrasadas. Em fun\u00e7\u00e3o da falta de combust\u00edvel e dos bloqueios nas estradas decorrentes da paralisa\u00e7\u00e3o de 11 dias dos caminhoneiros, a empresa p\u00fablica deixou de entregar cerca de 85 milh\u00f5es de encomendas e mensagens nos \u00faltimos dias.<\/p>\n<p>Em nota, a empresa garante que, desde o fim do movimento paredista, est\u00e1 refor\u00e7ando as opera\u00e7\u00f5es, convocando mutir\u00f5es para distribuir as cargas no menor espa\u00e7o de tempo poss\u00edvel.<\/p>\n<p>Apesar disso, servi\u00e7os com dia e hora marcados (Sedex 10, Sedex 12, Sedex Hoje, Disque Coleta e Log\u00edstica Reversa Domicili\u00e1ria) permanecem temporariamente suspensos. Os demais servi\u00e7os de encomendas como o Sedex convencional e o PAC foram mantidos e tiveram apenas o prazo de entrega ampliado.<\/p>\n<p>Segundo a empresa, em condi\u00e7\u00f5es normais, s\u00e3o entregues\u00a0aproximadamente 25 milh\u00f5es de objetos por\u00a0dia.<\/p>\n<p><strong>CARIRI EM A\u00c7\u00c3O<\/strong><\/p>\n<p>Com Ag\u00eancia Brasil \/Foto: Reprodu\u00e7\u00e3o Internet<\/p>\n<p>Leia mais not\u00edcias em\u00a0<a href=\"http:\/\/www.caririemacao.com\/\">caririemacao.com<\/a>, siga nossa p\u00e1gina no\u00a0<a href=\"https:\/\/www.facebook.com\/CaririEmAcao\/?ref=aymt_homepage_panel\">Facebook<\/a>,\u00a0<a href=\"https:\/\/www.instagram.com\/cariri_em_acao\/?hl=pt-br\">Instagram<\/a>\u00a0e\u00a0<a href=\"https:\/\/www.youtube.com\/channel\/UCAptA0jQuYQy8vMhLt2m4qg\">Youtube<\/a>\u00a0e veja nossas mat\u00e9rias, v\u00eddeos e fotos. Voc\u00ea tamb\u00e9m pode enviar informa\u00e7\u00f5es \u00e0 Reda\u00e7\u00e3o do Portal Cariri em A\u00e7\u00e3o pelo WhatsApp (83) 9 9634.5791, (83) 9 9601-1162.<\/p>\n","protected":false},"excerpt":{"rendered":"<p>Os Correios devem demorar cerca de 15 dias para conseguir normalizar as entregas atrasadas. Em fun\u00e7\u00e3o da falta de combust\u00edvel e dos bloqueios nas estradas&hellip; <\/p>\n","protected":false},"author":2,"featured_media":52978,"comment_status":"closed","ping_status":"closed","sticky":false,"template":"","format":"standard","meta":{"sfsi_plus_gutenberg_text_before_share":"","sfsi_plus_gutenberg_show_text_before_share":"","sfsi_plus_gutenberg_icon_type":"","sfsi_plus_gutenberg_icon_alignemt":"","sfsi_plus_gutenburg_max_per_row":"","footnotes":""},"categories":[2],"tags":[],"class_list":["post-52970","post","type-post","status-publish","format-standard","has-post-thumbnail","hentry","category-geral"],"_links":{"self":[{"href":"https:\/\/www.caririemacao.com\/1\/wp-json\/wp\/v2\/posts\/52970","targetHints":{"allow":["GET"]}}],"collection":[{"href":"https:\/\/www.caririemacao.com\/1\/wp-json\/wp\/v2\/posts"}],"about":[{"href":"https:\/\/www.caririemacao.com\/1\/wp-json\/wp\/v2\/types\/post"}],"author":[{"embeddable":true,"href":"https:\/\/www.caririemacao.com\/1\/wp-json\/wp\/v2\/users\/2"}],"replies":[{"embeddable":true,"href":"https:\/\/www.caririemacao.com\/1\/wp-json\/wp\/v2\/comments?post=52970"}],"version-history":[{"count":0,"href":"https:\/\/www.caririemacao.com\/1\/wp-json\/wp\/v2\/posts\/52970\/revisions"}],"wp:featuredmedia":[{"embeddable":true,"href":"https:\/\/www.caririemacao.com\/1\/wp-json\/wp\/v2\/media\/52978"}],"wp:attachment":[{"href":"https:\/\/www.caririemacao.com\/1\/wp-json\/wp\/v2\/media?parent=52970"}],"wp:term":[{"taxonomy":"category","embeddable":true,"href":"https:\/\/www.caririemacao.com\/1\/wp-json\/wp\/v2\/categories?post=52970"},{"taxonomy":"post_tag","embeddable":true,"href":"https:\/\/www.caririemacao.com\/1\/wp-json\/wp\/v2\/tags?post=52970"}],"curies":[{"name":"wp","href":"https:\/\/api.w.org\/{rel}","templated":true}]}}