{"id":52973,"date":"2018-06-01T21:44:55","date_gmt":"2018-06-02T00:44:55","guid":{"rendered":"http:\/\/caririemacao.com\/1\/?p=52973"},"modified":"2018-06-01T21:44:55","modified_gmt":"2018-06-02T00:44:55","slug":"juiz-condena-cunha-a-24-anos-de-prisao-por-desvios-na-caixa","status":"publish","type":"post","link":"https:\/\/www.caririemacao.com\/1\/2018\/06\/01\/juiz-condena-cunha-a-24-anos-de-prisao-por-desvios-na-caixa\/","title":{"rendered":"Juiz condena Cunha a 24 anos de pris\u00e3o por desvios na Caixa"},"content":{"rendered":"<p>Justi\u00e7a Federal condenou nesta sexta-feira (1\u00ba) o ex-presidente da C\u00e2mara Eduardo Cunha (MDB-RJ) a 24 anos e dez meses de pris\u00e3o por desvios na Caixa Econ\u00f4mica Federal.<\/p>\n<p>O juiz\u00a0Vallisney\u00a0de Souza Oliveira, da 10\u00aa Vara em Bras\u00edlia, considerou Cunha culpado pelos crimes de corrup\u00e7\u00e3o, lavagem de dinheiro e viola\u00e7\u00e3o de sigilo funcional.<\/p>\n<p>Este \u00e9 o segundo rev\u00e9s do ex-deputado na Justi\u00e7a, atualmente preso em Curitiba. No ano passado, em processo da opera\u00e7\u00e3o Lava Jato, ele foi condenado a 14 anos e seis meses de pris\u00e3o por receber propinas em troca de contratos da Petrobras.<\/p>\n<p>A defesa de Cunha havia pedido que sua pris\u00e3o preventiva fosse revogada, mas o juiz entendeu que n\u00e3o cabia liber\u00e1-lo. &#8220;\u00c9\u00a0necess\u00e1ria a sua perman\u00eancia na pris\u00e3o para preservar n\u00e3o apenas a ordem p\u00fablica e a aplica\u00e7\u00e3o da lei penal, mas tamb\u00e9m a ordem econ\u00f4mica&#8221;, escreveu.<\/p>\n<p>Al\u00e9m de Cunha, a Justi\u00e7a Federal em Bras\u00edlia tamb\u00e9m condenou o ex-ministro e ex-presidente da C\u00e2mara Henrique Eduardo Alves (MDB-RN). A senten\u00e7a imp\u00f5e a ele oito anos e oito meses de reclus\u00e3o, a serem cumpridos inicialmente em regime fechado, por lavagem. Alves, que cumpre pris\u00e3o domiciliar em Natal, foi absolvido da acusa\u00e7\u00e3o de corrup\u00e7\u00e3o passiva.<\/p>\n<p>O magistrado decretou a perda de bens e valores obtidos pelos r\u00e9us por meio de crime. Al\u00e9m disso, determinou que Cunha pague R$ 7 milh\u00f5es e Alves, R$ 1 milh\u00e3o a t\u00edtulo de repara\u00e7\u00e3o dos danos causados \u00e0 coletividade.<\/p>\n<p>O\u00a0MPF (Minist\u00e9rio P\u00fablico Federal) havia pedido 387 anos de pris\u00e3o para Cunha e 78 para Alves, baseado no crit\u00e9rio de concurso material, ou seja, a soma das penas privativas de liberdade referentes a cada crime. Mas o juiz n\u00e3o aplicou esse par\u00e2metro.<\/p>\n<p>Ele considerou que n\u00e3o havia provas suficientes para as condena\u00e7\u00f5es em rela\u00e7\u00e3o a algumas opera\u00e7\u00f5es apontadas como il\u00edcitas na Caixa. Por\u00e9m, entendeu que em outras cabia aplicar as penas.<\/p>\n<p>O esquema de corrup\u00e7\u00e3o na Caixa foi investigado na opera\u00e7\u00e3o S\u00e9psis, deflagrada h\u00e1 exato um ano. Na den\u00fancia, a Procuradoria da Rep\u00fablica no Distrito Federal apontou um esquema de pagamento de propinas milion\u00e1rias a Cunha e seus aliados, em troca da libera\u00e7\u00e3o de aportes do Fundo de Investimentos do FGTS (Fundo de Garantia por Tempo de Servi\u00e7o), gerido pelo banco p\u00fablico.<\/p>\n<p>As libera\u00e7\u00f5es eram manipuladas por aliados de Cunha na Caixa, entre eles o ex-vice presidente do banco F\u00e1bio Cleto, primeiro a fechar acordo de dela\u00e7\u00e3o premiada e entregar o esquema.<\/p>\n<p>Outro colaborador, o corretor L\u00facio Bolonha Funaro afirmou em seus depoimentos que atuava como operador de Cunha nas negocia\u00e7\u00f5es il\u00edcitas com empresas interessadas no dinheiro da Caixa e na capta\u00e7\u00e3o dos subornos. Ele disse que o ex-deputado ficava com 80% do valor das propinas.<\/p>\n<p>Os dois delatores foram condenados. A Funaro, foi aplicada pena de oito anos e dois meses de reclus\u00e3o por corrup\u00e7\u00e3o ativa, lavagem de dinheiro e viola\u00e7\u00e3o de sigilo funcional. Como colaborou, poder\u00e1 cumpri-la em casa.<\/p>\n<p>No caso de Cleto, a condena\u00e7\u00e3o \u00e9 a nove anos e oito meses\u00a0de pris\u00e3o por corrup\u00e7\u00e3o ativa, corrup\u00e7\u00e3o passiva, lavagem de dinheiro e viola\u00e7\u00e3o de sigilo funcional, mas tamb\u00e9m devem prevalecer os termos do acordo com o MPF.<\/p>\n<p>Tamb\u00e9m foi condenado o delator Alexandre Margotto, parceiro de neg\u00f3cios de Cunha e Cleto, a pena de quatro anos de reclus\u00e3o, inicialmente em regime aberto, por corrup\u00e7\u00e3o ativa.<\/p>\n<p>Outros esquemas de desvios na Caixa continuam sob investiga\u00e7\u00e3o, a exemplo do que envolve o ex-ministro Geddel Vieira Lima (MDB-BA), alvo da opera\u00e7\u00e3o Cui Bono?. O emedebista foi preso depois que a Pol\u00edcia Federal encontrou R$ 51 milh\u00f5es em esp\u00e9cie num bunker a ele atribu\u00eddo, em Salvador.<\/p>\n<p><strong>CARIRI EM A\u00c7\u00c3O<\/strong><\/p>\n<p>Com Folhapress\/Foto: Reprodu\u00e7\u00e3o Internet<\/p>\n<p>Leia mais not\u00edcias em\u00a0<a href=\"http:\/\/www.caririemacao.com\/\">caririemacao.com<\/a>, siga nossa p\u00e1gina no\u00a0<a href=\"https:\/\/www.facebook.com\/CaririEmAcao\/?ref=aymt_homepage_panel\">Facebook<\/a>,\u00a0<a href=\"https:\/\/www.instagram.com\/cariri_em_acao\/?hl=pt-br\">Instagram<\/a>\u00a0e\u00a0<a href=\"https:\/\/www.youtube.com\/channel\/UCAptA0jQuYQy8vMhLt2m4qg\">Youtube<\/a>\u00a0e veja nossas mat\u00e9rias, v\u00eddeos e fotos. Voc\u00ea tamb\u00e9m pode enviar informa\u00e7\u00f5es \u00e0 Reda\u00e7\u00e3o do Portal Cariri em A\u00e7\u00e3o pelo WhatsApp (83) 9 9634.5791, (83) 9 9601-1162.<\/p>\n","protected":false},"excerpt":{"rendered":"<p>Justi\u00e7a Federal condenou nesta sexta-feira (1\u00ba) o ex-presidente da C\u00e2mara Eduardo Cunha (MDB-RJ) a 24 anos e dez meses de pris\u00e3o por desvios na Caixa&hellip; <\/p>\n","protected":false},"author":2,"featured_media":52974,"comment_status":"closed","ping_status":"closed","sticky":false,"template":"","format":"standard","meta":{"sfsi_plus_gutenberg_text_before_share":"","sfsi_plus_gutenberg_show_text_before_share":"","sfsi_plus_gutenberg_icon_type":"","sfsi_plus_gutenberg_icon_alignemt":"","sfsi_plus_gutenburg_max_per_row":"","footnotes":""},"categories":[11],"tags":[],"class_list":["post-52973","post","type-post","status-publish","format-standard","has-post-thumbnail","hentry","category-politica"],"_links":{"self":[{"href":"https:\/\/www.caririemacao.com\/1\/wp-json\/wp\/v2\/posts\/52973","targetHints":{"allow":["GET"]}}],"collection":[{"href":"https:\/\/www.caririemacao.com\/1\/wp-json\/wp\/v2\/posts"}],"about":[{"href":"https:\/\/www.caririemacao.com\/1\/wp-json\/wp\/v2\/types\/post"}],"author":[{"embeddable":true,"href":"https:\/\/www.caririemacao.com\/1\/wp-json\/wp\/v2\/users\/2"}],"replies":[{"embeddable":true,"href":"https:\/\/www.caririemacao.com\/1\/wp-json\/wp\/v2\/comments?post=52973"}],"version-history":[{"count":0,"href":"https:\/\/www.caririemacao.com\/1\/wp-json\/wp\/v2\/posts\/52973\/revisions"}],"wp:featuredmedia":[{"embeddable":true,"href":"https:\/\/www.caririemacao.com\/1\/wp-json\/wp\/v2\/media\/52974"}],"wp:attachment":[{"href":"https:\/\/www.caririemacao.com\/1\/wp-json\/wp\/v2\/media?parent=52973"}],"wp:term":[{"taxonomy":"category","embeddable":true,"href":"https:\/\/www.caririemacao.com\/1\/wp-json\/wp\/v2\/categories?post=52973"},{"taxonomy":"post_tag","embeddable":true,"href":"https:\/\/www.caririemacao.com\/1\/wp-json\/wp\/v2\/tags?post=52973"}],"curies":[{"name":"wp","href":"https:\/\/api.w.org\/{rel}","templated":true}]}}