{"id":52976,"date":"2018-06-01T21:53:26","date_gmt":"2018-06-02T00:53:26","guid":{"rendered":"http:\/\/caririemacao.com\/1\/?p=52976"},"modified":"2018-06-01T21:53:26","modified_gmt":"2018-06-02T00:53:26","slug":"cbf-divulga-numeracao-oficial-do-brasil-na-copa-da-russia","status":"publish","type":"post","link":"https:\/\/www.caririemacao.com\/1\/2018\/06\/01\/cbf-divulga-numeracao-oficial-do-brasil-na-copa-da-russia\/","title":{"rendered":"CBF divulga numera\u00e7\u00e3o oficial do Brasil na Copa da R\u00fassia"},"content":{"rendered":"<p>A Sele\u00e7\u00e3o Brasileira j\u00e1 tem sua numera\u00e7\u00e3o oficial para os dois pr\u00f3ximos amistosos da equipe e tamb\u00e9m para a Copa do Mundo R\u00fassia 2018. A principal novidade est\u00e1 na camisa de n\u00famero 2, que ficar\u00e1 com Thiago Silva, a mesma que usa em seu clube.<\/p>\n<p><strong>Veja abaixo:<\/strong><\/p>\n<p>1 Alisson<\/p>\n<p>2 T. Silva<\/p>\n<p>3 Miranda<\/p>\n<p>4 Geromel<\/p>\n<p>5 Casemiro<\/p>\n<p>6 Filipe Lu\u00eds<\/p>\n<p>7 Douglas Costa<\/p>\n<p>8 Renato Augusto<\/p>\n<p>9 Gabriel Jesus<\/p>\n<p>10 Neymar<\/p>\n<p>11 Philippe Coutinho<\/p>\n<p>12 Marcelo<\/p>\n<p>13 Marquinhos<\/p>\n<p>14 Danilo<\/p>\n<p>15 Paulinho<\/p>\n<p>16 C\u00e1ssio<\/p>\n<p>17 Fernandinho<\/p>\n<p>18 Fred<\/p>\n<p>19 Willian<\/p>\n<p>20 Firmino<\/p>\n<p>21 Taison<\/p>\n<p>22 Fagner<\/p>\n<p>23 Ederson<\/p>\n<p>Esta numera\u00e7\u00e3o servir\u00e1 para Brasil x Cro\u00e1cia, neste domingo (3), para o duelo contra a \u00c1ustria, marcado para o dia 10, e ser\u00e1 a mesma na disputa do Mundial.<\/p>\n<p>Destaque para o goleiro C\u00e1ssio, que usar\u00e1 a camisa 16, j\u00e1 que Marcelo usar\u00e1 seu mesmo n\u00famero do Real Madrid, o 12.<\/p>\n<p><strong>CARIRI EM A\u00c7\u00c3O<\/strong><\/p>\n<p>Com Nordeste1 \/Foto: Reprodu\u00e7\u00e3o Internet<\/p>\n<p>Leia mais not\u00edcias em\u00a0<a href=\"http:\/\/www.caririemacao.com\/\">caririemacao.com<\/a>, siga nossa p\u00e1gina no\u00a0<a href=\"https:\/\/www.facebook.com\/CaririEmAcao\/?ref=aymt_homepage_panel\">Facebook<\/a>,\u00a0<a href=\"https:\/\/www.instagram.com\/cariri_em_acao\/?hl=pt-br\">Instagram<\/a>\u00a0e\u00a0<a href=\"https:\/\/www.youtube.com\/channel\/UCAptA0jQuYQy8vMhLt2m4qg\">Youtube<\/a>\u00a0e veja nossas mat\u00e9rias, v\u00eddeos e fotos. Voc\u00ea tamb\u00e9m pode enviar informa\u00e7\u00f5es \u00e0 Reda\u00e7\u00e3o do Portal Cariri em A\u00e7\u00e3o pelo WhatsApp (83) 9 9634.5791, (83) 9 9601-1162.<\/p>\n","protected":false},"excerpt":{"rendered":"<p>A Sele\u00e7\u00e3o Brasileira j\u00e1 tem sua numera\u00e7\u00e3o oficial para os dois pr\u00f3ximos amistosos da equipe e tamb\u00e9m para a Copa do Mundo R\u00fassia 2018. A&hellip; <\/p>\n","protected":false},"author":2,"featured_media":52979,"comment_status":"closed","ping_status":"closed","sticky":false,"template":"","format":"standard","meta":{"sfsi_plus_gutenberg_text_before_share":"","sfsi_plus_gutenberg_show_text_before_share":"","sfsi_plus_gutenberg_icon_type":"","sfsi_plus_gutenberg_icon_alignemt":"","sfsi_plus_gutenburg_max_per_row":"","footnotes":""},"categories":[13],"tags":[],"class_list":["post-52976","post","type-post","status-publish","format-standard","has-post-thumbnail","hentry","category-esportes"],"_links":{"self":[{"href":"https:\/\/www.caririemacao.com\/1\/wp-json\/wp\/v2\/posts\/52976","targetHints":{"allow":["GET"]}}],"collection":[{"href":"https:\/\/www.caririemacao.com\/1\/wp-json\/wp\/v2\/posts"}],"about":[{"href":"https:\/\/www.caririemacao.com\/1\/wp-json\/wp\/v2\/types\/post"}],"author":[{"embeddable":true,"href":"https:\/\/www.caririemacao.com\/1\/wp-json\/wp\/v2\/users\/2"}],"replies":[{"embeddable":true,"href":"https:\/\/www.caririemacao.com\/1\/wp-json\/wp\/v2\/comments?post=52976"}],"version-history":[{"count":0,"href":"https:\/\/www.caririemacao.com\/1\/wp-json\/wp\/v2\/posts\/52976\/revisions"}],"wp:featuredmedia":[{"embeddable":true,"href":"https:\/\/www.caririemacao.com\/1\/wp-json\/wp\/v2\/media\/52979"}],"wp:attachment":[{"href":"https:\/\/www.caririemacao.com\/1\/wp-json\/wp\/v2\/media?parent=52976"}],"wp:term":[{"taxonomy":"category","embeddable":true,"href":"https:\/\/www.caririemacao.com\/1\/wp-json\/wp\/v2\/categories?post=52976"},{"taxonomy":"post_tag","embeddable":true,"href":"https:\/\/www.caririemacao.com\/1\/wp-json\/wp\/v2\/tags?post=52976"}],"curies":[{"name":"wp","href":"https:\/\/api.w.org\/{rel}","templated":true}]}}