{"id":52983,"date":"2018-06-01T22:07:54","date_gmt":"2018-06-02T01:07:54","guid":{"rendered":"http:\/\/caririemacao.com\/1\/?p=52983"},"modified":"2018-06-01T22:07:54","modified_gmt":"2018-06-02T01:07:54","slug":"temer-confirma-ivan-monteiro-como-presidente-da-petrobras","status":"publish","type":"post","link":"https:\/\/www.caririemacao.com\/1\/2018\/06\/01\/temer-confirma-ivan-monteiro-como-presidente-da-petrobras\/","title":{"rendered":"Temer confirma Ivan Monteiro como presidente da Petrobras"},"content":{"rendered":"<p><span class=\"news_capital_letter\">O <\/span>presidente Michel Temer anunciou o nome de Ivan Monteiro para ser o novo presidente da Petrobras.\u00a0Ele substitui de maneira efetiva Pedro Parente, que\u00a0pediu demiss\u00e3o na manh\u00e3 desta sexta-feira (1\u00ba).<\/p>\n<p>&#8220;N\u00f3s continuaremos com a pol\u00edtica econ\u00f4mica que tirou a empresa do preju\u00edzo&#8221;, disse Temer em entrevista coletiva.\u00a0&#8220;N\u00e3o haver\u00e1 qualquer interfer\u00eancia na pol\u00edtica de pre\u00e7os da companhia&#8221;, afirmou. Segundo o presidente Ivan Monteiro \u00e9 &#8220;garantia de que esse rumo permanece inalterado&#8221;. \u00a0Monteiro havia sido escolhido pelo Conselho de Administra\u00e7\u00e3o, no fim da tarde, para assumir o cargo interinamente ap\u00f3s a sa\u00edda de Parente.<\/p>\n<p>Ele \u00e9 o atual diretor-executivo da \u00e1rea financeira e de relacionamento com investidores da Petrobras. Ex-vice-presidente do Banco do Brasil, Monteiro chegou a estatal com o antigo presidente, Aldemir Bendine, mas foi mantido no cargo por Parente. De perfil t\u00e9cnico, ele \u00e9 apreciado pelo mercado financeiro, que credita tamb\u00e9m a ele a recupera\u00e7\u00e3o da companhia.<\/p>\n<p>Auxiliares do presidente afirmaram mais cedo que a estrat\u00e9gia do governo era pela n\u00e3o ruptura com a gest\u00e3o de Parente e manteria a diretoria atual.\u00a0O presidente passou a manh\u00e3 e a tarde em reuni\u00e3o com ministros ap\u00f3s o encontro com Parente, que selou a sua sa\u00edda.<\/p>\n<p>A conversa entre Parente e Temer durou entre 20 e 30 minutos. Segundo assessores do presidente da Rep\u00fablica, Parente estava tenso antes do encontro e chegou com a carta de demiss\u00e3o pronta.Auxiliares de Temer dizem que Parente n\u00e3o gostou da interfer\u00eancia do governo na Petrobras quando, no in\u00edcio da crise da greve dos caminhoneiros, teve que anunciar desconto no pre\u00e7o do \u00f3leo diesel.\u00a0Com o desenrolar dos acontecimentos e percebendo j\u00e1 surgir uma press\u00e3o tamb\u00e9m para que algo seja feito em rela\u00e7\u00e3o ao pre\u00e7o da gasolina, o presidente da Petrobras se deu conta de que outras interven\u00e7\u00f5es poderiam acontecer.Segundo a reportagem apurou, o governo n\u00e3o viu com bons olhos o fato de Parente ter anunciado sua sa\u00edda com o mercado aberto, em vez de ter feito isso um dia antes, no feriado de Corpus Christi, ou mesmo depois do fechamento das bolsas nesta sexta-feira.\u00a0No in\u00edcio da tarde,\u00a0as a\u00e7\u00f5es da Petrobras ca\u00edam 16%.<\/p>\n<p><strong>CARIRI EM A\u00c7\u00c3O<\/strong><\/p>\n<p>Com\u00a0Folhapress \/Foto: Reprodu\u00e7\u00e3o Internet<\/p>\n<p>Leia mais not\u00edcias em\u00a0<a href=\"http:\/\/www.caririemacao.com\/\">caririemacao.com<\/a>, siga nossa p\u00e1gina no\u00a0<a href=\"https:\/\/www.facebook.com\/CaririEmAcao\/?ref=aymt_homepage_panel\">Facebook<\/a>,\u00a0<a href=\"https:\/\/www.instagram.com\/cariri_em_acao\/?hl=pt-br\">Instagram<\/a>\u00a0e\u00a0<a href=\"https:\/\/www.youtube.com\/channel\/UCAptA0jQuYQy8vMhLt2m4qg\">Youtube<\/a>\u00a0e veja nossas mat\u00e9rias, v\u00eddeos e fotos. Voc\u00ea tamb\u00e9m pode enviar informa\u00e7\u00f5es \u00e0 Reda\u00e7\u00e3o do Portal Cariri em A\u00e7\u00e3o pelo WhatsApp (83) 9 9634.5791, (83) 9 9601-1162.<\/p>\n","protected":false},"excerpt":{"rendered":"<p>O presidente Michel Temer anunciou o nome de Ivan Monteiro para ser o novo presidente da Petrobras.\u00a0Ele substitui de maneira efetiva Pedro Parente, que\u00a0pediu demiss\u00e3o&hellip; <\/p>\n","protected":false},"author":2,"featured_media":52984,"comment_status":"closed","ping_status":"closed","sticky":false,"template":"","format":"standard","meta":{"sfsi_plus_gutenberg_text_before_share":"","sfsi_plus_gutenberg_show_text_before_share":"","sfsi_plus_gutenberg_icon_type":"","sfsi_plus_gutenberg_icon_alignemt":"","sfsi_plus_gutenburg_max_per_row":"","footnotes":""},"categories":[11],"tags":[],"class_list":["post-52983","post","type-post","status-publish","format-standard","has-post-thumbnail","hentry","category-politica"],"_links":{"self":[{"href":"https:\/\/www.caririemacao.com\/1\/wp-json\/wp\/v2\/posts\/52983","targetHints":{"allow":["GET"]}}],"collection":[{"href":"https:\/\/www.caririemacao.com\/1\/wp-json\/wp\/v2\/posts"}],"about":[{"href":"https:\/\/www.caririemacao.com\/1\/wp-json\/wp\/v2\/types\/post"}],"author":[{"embeddable":true,"href":"https:\/\/www.caririemacao.com\/1\/wp-json\/wp\/v2\/users\/2"}],"replies":[{"embeddable":true,"href":"https:\/\/www.caririemacao.com\/1\/wp-json\/wp\/v2\/comments?post=52983"}],"version-history":[{"count":0,"href":"https:\/\/www.caririemacao.com\/1\/wp-json\/wp\/v2\/posts\/52983\/revisions"}],"wp:featuredmedia":[{"embeddable":true,"href":"https:\/\/www.caririemacao.com\/1\/wp-json\/wp\/v2\/media\/52984"}],"wp:attachment":[{"href":"https:\/\/www.caririemacao.com\/1\/wp-json\/wp\/v2\/media?parent=52983"}],"wp:term":[{"taxonomy":"category","embeddable":true,"href":"https:\/\/www.caririemacao.com\/1\/wp-json\/wp\/v2\/categories?post=52983"},{"taxonomy":"post_tag","embeddable":true,"href":"https:\/\/www.caririemacao.com\/1\/wp-json\/wp\/v2\/tags?post=52983"}],"curies":[{"name":"wp","href":"https:\/\/api.w.org\/{rel}","templated":true}]}}