{"id":52986,"date":"2018-06-02T00:11:48","date_gmt":"2018-06-02T03:11:48","guid":{"rendered":"http:\/\/caririemacao.com\/1\/?p=52986"},"modified":"2018-06-02T00:11:48","modified_gmt":"2018-06-02T03:11:48","slug":"prefeitura-inicia-ampliacao-de-cemiterio-de-ouro-velho","status":"publish","type":"post","link":"https:\/\/www.caririemacao.com\/1\/2018\/06\/02\/prefeitura-inicia-ampliacao-de-cemiterio-de-ouro-velho\/","title":{"rendered":"Prefeitura inicia amplia\u00e7\u00e3o de cemit\u00e9rio de Ouro Velho"},"content":{"rendered":"<p>A Prefeitura Municipal de Ouro Velho deu in\u00edcio nessa semana a obra de amplia\u00e7\u00e3o do cemit\u00e9rio municipal, assim criando novos espa\u00e7os de sepultamento, pelo menos para os pr\u00f3ximos anos.<\/p>\n<p>O vice-prefeito, Fl\u00e1vio Henrique, ao lado de Dr. J\u00fanior e do secret\u00e1rio de obras de Ouro Velho, Wendel Sidclei, estiveram visitando a \u00e1rea onde est\u00e1 sendo ampliada.<\/p>\n<p><a href=\"http:\/\/caririemacao.com\/1\/wp-content\/uploads\/2018\/06\/WhatsApp-Image-2018-06-01-at-23.46.06.jpeg\"><img fetchpriority=\"high\" decoding=\"async\" class=\"alignnone size-full wp-image-52988\" src=\"http:\/\/caririemacao.com\/1\/wp-content\/uploads\/2018\/06\/WhatsApp-Image-2018-06-01-at-23.46.06.jpeg\" alt=\"\" width=\"1024\" height=\"768\" srcset=\"https:\/\/www.caririemacao.com\/1\/wp-content\/uploads\/2018\/06\/WhatsApp-Image-2018-06-01-at-23.46.06.jpeg 1024w, https:\/\/www.caririemacao.com\/1\/wp-content\/uploads\/2018\/06\/WhatsApp-Image-2018-06-01-at-23.46.06-300x225.jpeg 300w, https:\/\/www.caririemacao.com\/1\/wp-content\/uploads\/2018\/06\/WhatsApp-Image-2018-06-01-at-23.46.06-768x576.jpeg 768w\" sizes=\"(max-width: 1024px) 100vw, 1024px\" \/><\/a><\/p>\n<p>A obra est\u00e1 sendo executada com recursos pr\u00f3prios e se encontra em processo bem adiantado, tendo previs\u00e3o de t\u00e9rmino ainda este m\u00eas.<\/p>\n<p><strong>CARIRI EM A\u00c7\u00c3O<\/strong><\/p>\n<p>Leia mais not\u00edcias em\u00a0<a style=\"font-style: inherit; font-weight: inherit;\" href=\"http:\/\/www.caririemacao.com\/\">caririemacao.com<\/a>, siga nossa p\u00e1gina no\u00a0<a style=\"font-style: inherit; font-weight: inherit;\" href=\"https:\/\/www.facebook.com\/CaririEmAcao\/?ref=aymt_homepage_panel\">Facebook<\/a>,\u00a0<a style=\"font-style: inherit; font-weight: inherit;\" href=\"https:\/\/www.instagram.com\/cariri_em_acao\/?hl=pt-br\">Instagram<\/a>\u00a0e\u00a0<a style=\"font-style: inherit; font-weight: inherit;\" href=\"https:\/\/www.youtube.com\/channel\/UCAptA0jQuYQy8vMhLt2m4qg\">Youtube<\/a>\u00a0e veja nossas mat\u00e9rias, v\u00eddeos e fotos. Voc\u00ea tamb\u00e9m pode enviar informa\u00e7\u00f5es \u00e0 Reda\u00e7\u00e3o do Portal Cariri em A\u00e7\u00e3o pelo WhatsApp (83) 9 9634.5791, (83) 9 9601-1162.<\/p>\n","protected":false},"excerpt":{"rendered":"<p>A Prefeitura Municipal de Ouro Velho deu in\u00edcio nessa semana a obra de amplia\u00e7\u00e3o do cemit\u00e9rio municipal, assim criando novos espa\u00e7os de sepultamento, pelo menos&hellip; <\/p>\n","protected":false},"author":2,"featured_media":52987,"comment_status":"closed","ping_status":"closed","sticky":false,"template":"","format":"standard","meta":{"sfsi_plus_gutenberg_text_before_share":"","sfsi_plus_gutenberg_show_text_before_share":"","sfsi_plus_gutenberg_icon_type":"","sfsi_plus_gutenberg_icon_alignemt":"","sfsi_plus_gutenburg_max_per_row":"","footnotes":""},"categories":[6],"tags":[],"class_list":["post-52986","post","type-post","status-publish","format-standard","has-post-thumbnail","hentry","category-cidades"],"_links":{"self":[{"href":"https:\/\/www.caririemacao.com\/1\/wp-json\/wp\/v2\/posts\/52986","targetHints":{"allow":["GET"]}}],"collection":[{"href":"https:\/\/www.caririemacao.com\/1\/wp-json\/wp\/v2\/posts"}],"about":[{"href":"https:\/\/www.caririemacao.com\/1\/wp-json\/wp\/v2\/types\/post"}],"author":[{"embeddable":true,"href":"https:\/\/www.caririemacao.com\/1\/wp-json\/wp\/v2\/users\/2"}],"replies":[{"embeddable":true,"href":"https:\/\/www.caririemacao.com\/1\/wp-json\/wp\/v2\/comments?post=52986"}],"version-history":[{"count":0,"href":"https:\/\/www.caririemacao.com\/1\/wp-json\/wp\/v2\/posts\/52986\/revisions"}],"wp:featuredmedia":[{"embeddable":true,"href":"https:\/\/www.caririemacao.com\/1\/wp-json\/wp\/v2\/media\/52987"}],"wp:attachment":[{"href":"https:\/\/www.caririemacao.com\/1\/wp-json\/wp\/v2\/media?parent=52986"}],"wp:term":[{"taxonomy":"category","embeddable":true,"href":"https:\/\/www.caririemacao.com\/1\/wp-json\/wp\/v2\/categories?post=52986"},{"taxonomy":"post_tag","embeddable":true,"href":"https:\/\/www.caririemacao.com\/1\/wp-json\/wp\/v2\/tags?post=52986"}],"curies":[{"name":"wp","href":"https:\/\/api.w.org\/{rel}","templated":true}]}}