{"id":52995,"date":"2018-06-02T16:01:39","date_gmt":"2018-06-02T19:01:39","guid":{"rendered":"http:\/\/caririemacao.com\/1\/?p=52995"},"modified":"2018-06-02T16:01:59","modified_gmt":"2018-06-02T19:01:59","slug":"assessor-do-senador-cassio-anuncia-apoio-a-pre-candidatura-de-maranhao-ao-governo","status":"publish","type":"post","link":"https:\/\/www.caririemacao.com\/1\/2018\/06\/02\/assessor-do-senador-cassio-anuncia-apoio-a-pre-candidatura-de-maranhao-ao-governo\/","title":{"rendered":"Assessor do senador C\u00e1ssio anuncia apoio \u00e0 pr\u00e9-candidatura de Maranh\u00e3o ao governo"},"content":{"rendered":"<p>O suplente de vereador em Jo\u00e3o Pessoa, Renato Marthins (PSDB), aderiu \u00e0 pr\u00e9-candidatura de Z\u00e9 Maranh\u00e3o (MDB) ao Governo do Estado.<\/p>\n<p>Renato anunciou apoio a Maranh\u00e3o neste s\u00e1bado (2) e informou que ser\u00e1 um dos organizadores da campanha do senador emedebista ao Governo da Para\u00edba.<\/p>\n<p>\u201cMais que imagens fabricadas em m\u00eddia ou apar\u00eancias, os problemas do Estado exigem sabedoria verdadeira combinada com honestidade comprovada e capacidade de realiza\u00e7\u00e3o.\u201d disse Renato Marthins.<\/p>\n<p>De acordo com nota divulgada pela assessoria do parlamentar emedebista, \u201ca ades\u00e3o de Renato fortalece \u00e0 pr\u00e9-candidatura de Z\u00e9 Maranh\u00e3o em Jo\u00e3o Pessoa e abre a \u201cporteira\u201d para outros vereadores que j\u00e1 est\u00e3o em conversa\u00e7\u00e3o com o senador.\u201d<\/p>\n<p>Renato Martins se elegeu vereador de Jo\u00e3o Pessoa pelo PSB em 2012. Nas elei\u00e7\u00f5es seguintes, em 2016, concorreu \u00e0 reelei\u00e7\u00e3o pela legenda socialista, mas ficou apenas na supl\u00eancia.<\/p>\n<p>Meses depois, deixou o PSB para se filiar ao PSDB. Em 2017, foi nomeado como assessor parlamentar no gabinete do senador C\u00e1ssio Cunha Lima (PSDB).<\/p>\n<p><strong>CARIRI EM A\u00c7\u00c3O<\/strong><\/p>\n<p>Com Para\u00edba J\u00e1 \/Foto: Reprodu\u00e7\u00e3o Internet<\/p>\n<p>Leia mais not\u00edcias em\u00a0<a href=\"http:\/\/www.caririemacao.com\/\">caririemacao.com<\/a>, siga nossa p\u00e1gina no\u00a0<a href=\"https:\/\/www.facebook.com\/CaririEmAcao\/?ref=aymt_homepage_panel\">Facebook<\/a>,\u00a0<a href=\"https:\/\/www.instagram.com\/cariri_em_acao\/?hl=pt-br\">Instagram<\/a>\u00a0e <a href=\"https:\/\/www.youtube.com\/channel\/UCAptA0jQuYQy8vMhLt2m4qg\">Youtube<\/a>\u00a0e veja nossas mat\u00e9rias, v\u00eddeos e fotos. Voc\u00ea tamb\u00e9m pode enviar informa\u00e7\u00f5es \u00e0 Reda\u00e7\u00e3o do Portal Cariri em A\u00e7\u00e3o pelo WhatsApp (83) 9 9634.5791, (83) 9 9601-1162.<\/p>\n<div class=\"fbcb_container\" align=\"center\"><\/div>\n","protected":false},"excerpt":{"rendered":"<p>O suplente de vereador em Jo\u00e3o Pessoa, Renato Marthins (PSDB), aderiu \u00e0 pr\u00e9-candidatura de Z\u00e9 Maranh\u00e3o (MDB) ao Governo do Estado. Renato anunciou apoio a&hellip; <\/p>\n","protected":false},"author":2,"featured_media":52996,"comment_status":"closed","ping_status":"closed","sticky":false,"template":"","format":"standard","meta":{"sfsi_plus_gutenberg_text_before_share":"","sfsi_plus_gutenberg_show_text_before_share":"","sfsi_plus_gutenberg_icon_type":"","sfsi_plus_gutenberg_icon_alignemt":"","sfsi_plus_gutenburg_max_per_row":"","footnotes":""},"categories":[11],"tags":[],"class_list":["post-52995","post","type-post","status-publish","format-standard","has-post-thumbnail","hentry","category-politica"],"_links":{"self":[{"href":"https:\/\/www.caririemacao.com\/1\/wp-json\/wp\/v2\/posts\/52995","targetHints":{"allow":["GET"]}}],"collection":[{"href":"https:\/\/www.caririemacao.com\/1\/wp-json\/wp\/v2\/posts"}],"about":[{"href":"https:\/\/www.caririemacao.com\/1\/wp-json\/wp\/v2\/types\/post"}],"author":[{"embeddable":true,"href":"https:\/\/www.caririemacao.com\/1\/wp-json\/wp\/v2\/users\/2"}],"replies":[{"embeddable":true,"href":"https:\/\/www.caririemacao.com\/1\/wp-json\/wp\/v2\/comments?post=52995"}],"version-history":[{"count":0,"href":"https:\/\/www.caririemacao.com\/1\/wp-json\/wp\/v2\/posts\/52995\/revisions"}],"wp:featuredmedia":[{"embeddable":true,"href":"https:\/\/www.caririemacao.com\/1\/wp-json\/wp\/v2\/media\/52996"}],"wp:attachment":[{"href":"https:\/\/www.caririemacao.com\/1\/wp-json\/wp\/v2\/media?parent=52995"}],"wp:term":[{"taxonomy":"category","embeddable":true,"href":"https:\/\/www.caririemacao.com\/1\/wp-json\/wp\/v2\/categories?post=52995"},{"taxonomy":"post_tag","embeddable":true,"href":"https:\/\/www.caririemacao.com\/1\/wp-json\/wp\/v2\/tags?post=52995"}],"curies":[{"name":"wp","href":"https:\/\/api.w.org\/{rel}","templated":true}]}}