{"id":52998,"date":"2018-06-02T16:04:05","date_gmt":"2018-06-02T19:04:05","guid":{"rendered":"http:\/\/caririemacao.com\/1\/?p=52998"},"modified":"2018-06-02T16:04:05","modified_gmt":"2018-06-02T19:04:05","slug":"cassio-comenta-saida-de-parente-do-governo-temer-e-recebe-bombardeio-de-criticas-nas-redes-sociais","status":"publish","type":"post","link":"https:\/\/www.caririemacao.com\/1\/2018\/06\/02\/cassio-comenta-saida-de-parente-do-governo-temer-e-recebe-bombardeio-de-criticas-nas-redes-sociais\/","title":{"rendered":"C\u00e1ssio comenta sa\u00edda de Parente do governo Temer e recebe \u2018bombardeio\u2019 de cr\u00edticas nas redes sociais"},"content":{"rendered":"<p>Uma postagem feita pelo senador C\u00e1ssio Cunha Lima (PSDB), comentando a sa\u00edda de Pedro Parente da presid\u00eancia da Petrobras, \u2018incendiou\u2019 a p\u00e1gina do tucano no Facebook. Dezenas de seguidores criticaram a mudan\u00e7a de discurso do paraibano em rela\u00e7\u00e3o ao governo do presidente Michel Temer (MDB); alguns lembraram do apoio do parlamentar \u00e0s reformas propostas pelo governo federal que retiraram direitos dos trabalhadores; e outros elogiaram a postura do senador.<\/p>\n<p>\u201cA demiss\u00e3o do presidente da Petrobras, que j\u00e1 deveria ter ocorrido, \u00e9 a oportunidade de o governo equivocado do presidente Michel Temer corrigir imediatamente a pol\u00edtica de pre\u00e7os de combust\u00edveis, que vem penalizando de maneira brutal as fam\u00edlias brasileiras. \u00c9 hora de rediscutir a carga tribut\u00e1ria e o tamanho da m\u00e1quina p\u00fablica no pa\u00eds. N\u00e3o podemos mais pagar o alto pre\u00e7o de um Estado perdul\u00e1rio, corrupto e ineficiente\u201d, postou o senador C\u00e1ssio.<\/p>\n<p>\u201cO Senhor senador j\u00e1 mudou de lado novamente? Este governo que ora se encontra s\u00f3 faz o que faz porque teve seu apoio, nobre senador. Ou sua mudan\u00e7a de discurso \u00e9 puramente eleitoreira?\u201d, criticou um seguidor do tucano.<\/p>\n<p>\u201cAgora esse senhor vem a p\u00fablico dizer que o governo est\u00e1 podre, isso j\u00e1 sabemos senador. Como tamb\u00e9m lembramos muito bem que o senhor sempre foi um apoiador de tal governo e a\u00ed est\u00e1 o resultado. Quando a casa cai ningu\u00e9m quer assumir que participou da constru\u00e7\u00e3o, n\u00e9? Senador sem cr\u00e9dito!\u201d, fustigou outro.<\/p>\n<p>C\u00e1ssio, no entanto, tamb\u00e9m foi alvo de elogios por parte de seguidores. \u201cMuito bem senador. Mostra que n\u00e3o tem compromisso com o erro. Pedro Parente precisaria entender que a sociedade brasileira n\u00e3o precisaria resolver a bancarrota da Petrobras em poucos meses a custa de nosso sangue.\u201d<\/p>\n<p>Pedro Parente pediu demiss\u00e3o nessa sexta-feira (1\u00ba), ap\u00f3s o fim greve dos caminhoneiros contra a pol\u00edtica de reajuste dos pre\u00e7os dos combust\u00edveis praticada pela Petrobras. Ele ficou exatamente dois anos no comando da empresa, j\u00e1 que tomou posse no dia 1\u00ba de junho de 2016.<\/p>\n<p>Confira abaixo a rea\u00e7\u00e3o de alguns dos seguidores \u00e0 postagem senador C\u00e1ssio Cunha Lima, que em poucas horas j\u00e1 contabilizava centenas de intera\u00e7\u00f5es.<\/p>\n<p><strong>CARIRI EM A\u00c7\u00c3O<\/strong><\/p>\n<p>Com Para\u00edba J\u00e1\u00a0 \/Foto: Reprodu\u00e7\u00e3o Internet<\/p>\n<p>Leia mais not\u00edcias em\u00a0<a href=\"http:\/\/www.caririemacao.com\/\">caririemacao.com<\/a>, siga nossa p\u00e1gina no\u00a0<a href=\"https:\/\/www.facebook.com\/CaririEmAcao\/?ref=aymt_homepage_panel\">Facebook<\/a>,\u00a0<a href=\"https:\/\/www.instagram.com\/cariri_em_acao\/?hl=pt-br\">Instagram<\/a>\u00a0e <a href=\"https:\/\/www.youtube.com\/channel\/UCAptA0jQuYQy8vMhLt2m4qg\">Youtube<\/a>\u00a0e veja nossas mat\u00e9rias, v\u00eddeos e fotos. Voc\u00ea tamb\u00e9m pode enviar informa\u00e7\u00f5es \u00e0 Reda\u00e7\u00e3o do Portal Cariri em A\u00e7\u00e3o pelo WhatsApp (83) 9 9634.5791, (83) 9 9601-1162.<\/p>\n","protected":false},"excerpt":{"rendered":"<p>Uma postagem feita pelo senador C\u00e1ssio Cunha Lima (PSDB), comentando a sa\u00edda de Pedro Parente da presid\u00eancia da Petrobras, \u2018incendiou\u2019 a p\u00e1gina do tucano no&hellip; <\/p>\n","protected":false},"author":2,"featured_media":24354,"comment_status":"closed","ping_status":"closed","sticky":false,"template":"","format":"standard","meta":{"sfsi_plus_gutenberg_text_before_share":"","sfsi_plus_gutenberg_show_text_before_share":"","sfsi_plus_gutenberg_icon_type":"","sfsi_plus_gutenberg_icon_alignemt":"","sfsi_plus_gutenburg_max_per_row":"","footnotes":""},"categories":[11],"tags":[],"class_list":["post-52998","post","type-post","status-publish","format-standard","has-post-thumbnail","hentry","category-politica"],"_links":{"self":[{"href":"https:\/\/www.caririemacao.com\/1\/wp-json\/wp\/v2\/posts\/52998","targetHints":{"allow":["GET"]}}],"collection":[{"href":"https:\/\/www.caririemacao.com\/1\/wp-json\/wp\/v2\/posts"}],"about":[{"href":"https:\/\/www.caririemacao.com\/1\/wp-json\/wp\/v2\/types\/post"}],"author":[{"embeddable":true,"href":"https:\/\/www.caririemacao.com\/1\/wp-json\/wp\/v2\/users\/2"}],"replies":[{"embeddable":true,"href":"https:\/\/www.caririemacao.com\/1\/wp-json\/wp\/v2\/comments?post=52998"}],"version-history":[{"count":0,"href":"https:\/\/www.caririemacao.com\/1\/wp-json\/wp\/v2\/posts\/52998\/revisions"}],"wp:featuredmedia":[{"embeddable":true,"href":"https:\/\/www.caririemacao.com\/1\/wp-json\/wp\/v2\/media\/24354"}],"wp:attachment":[{"href":"https:\/\/www.caririemacao.com\/1\/wp-json\/wp\/v2\/media?parent=52998"}],"wp:term":[{"taxonomy":"category","embeddable":true,"href":"https:\/\/www.caririemacao.com\/1\/wp-json\/wp\/v2\/categories?post=52998"},{"taxonomy":"post_tag","embeddable":true,"href":"https:\/\/www.caririemacao.com\/1\/wp-json\/wp\/v2\/tags?post=52998"}],"curies":[{"name":"wp","href":"https:\/\/api.w.org\/{rel}","templated":true}]}}