{"id":53000,"date":"2018-06-02T16:06:34","date_gmt":"2018-06-02T19:06:34","guid":{"rendered":"http:\/\/caririemacao.com\/1\/?p=53000"},"modified":"2018-06-02T16:06:34","modified_gmt":"2018-06-02T19:06:34","slug":"romero-rodrigues-reitera-apoio-a-pre-candidatura-de-lucelio-a-disputa-ao-governo-do-estado","status":"publish","type":"post","link":"https:\/\/www.caririemacao.com\/1\/2018\/06\/02\/romero-rodrigues-reitera-apoio-a-pre-candidatura-de-lucelio-a-disputa-ao-governo-do-estado\/","title":{"rendered":"Romero Rodrigues reitera apoio a pr\u00e9-candidatura de Luc\u00e9lio a disputa ao Governo do Estado"},"content":{"rendered":"<p>O prefeito Romero Rodrigues, de Campina Grande, concedeu entrevista \u00e0 R\u00e1dio Cabaceiras FM, no in\u00edcio da tarde deste s\u00e1bado, 2, dentro da agenda de visita \u00e0 Festa do Bode Rei, realizada neste final de semana naquele munic\u00edpio do Cariri. Durante a entrevista, na companhia do senador C\u00e1ssio Cunha Lima (PSDB), do deputado federal Pedro Cunha Lima (PSDB), do deputado estadual Manoel Ludg\u00e9rio Neto (PSD) e do vereador Nelson Gomes Filho (PSDB), Romero reafirmou seu apoio incondicional \u00e0 candidatura de Luc\u00e9lio Cartaxo (PV) para o Governo do Estado este ano.<\/p>\n<p>Em resposta aos radialistas Patr\u00edcia Ramos e L\u00facio Meneses, Romero Rodrigues assegurou que, embora sua esposa Micheline Rodrigues tenha o nome frequentemente lembrado para compor a chapa majorit\u00e1ria encabe\u00e7ada por Luc\u00e9lio Cartaxo, sua participa\u00e7\u00e3o e empenho na campanha estadual este ano independe de ela ser indicada ou n\u00e3o como candidata \u00e0 vice-governadora pelas oposi\u00e7\u00f5es.<\/p>\n<p>Durante a entrevista tamb\u00e9m, Romero voltou a explicar as raz\u00f5es para o adiamento na abertura do Maior S\u00e3o Jo\u00e3o do Mundo este ano. Basicamente exp\u00f4s, com detalhes, o que argumentou durante a entrevista coletiva no \u00faltimo dia 29 de maio: os efeitos danosos do ponto de vista econ\u00f4mico e de log\u00edstica provocados pela greve dos caminhoneiros comprometeu sensivelmente v\u00e1rios setores da iniciativa privada envolvidos com a realiza\u00e7\u00e3o do evento. \u201cFoi mais prudente adiar por oito dias e manter os 30 dias da festa\u201d, observou ele.<\/p>\n<p>Em sua participa\u00e7\u00e3o no programa Cabaceiras em Debate, Romero destacou o trabalho administrativo realizado nos dois mandatos, apesar das enormes dificuldades enfrentadas pelos munic\u00edpios brasileiros nos \u00faltimos anos, assegurando que foi a grande honra de governar Campina Grande e corresponder \u00e0 confian\u00e7a do povo da cidade que o levaram a desistir de sair candidato a governador este ano.<\/p>\n<p><strong>CARIRI EM A\u00c7\u00c3O<\/strong><\/p>\n<p>Com Para\u00edba J\u00e1 \/Foto: Reprodu\u00e7\u00e3o Internet<\/p>\n<p>Leia mais not\u00edcias em\u00a0<a href=\"http:\/\/www.caririemacao.com\/\">caririemacao.com<\/a>, siga nossa p\u00e1gina no\u00a0<a href=\"https:\/\/www.facebook.com\/CaririEmAcao\/?ref=aymt_homepage_panel\">Facebook<\/a>,\u00a0<a href=\"https:\/\/www.instagram.com\/cariri_em_acao\/?hl=pt-br\">Instagram<\/a>\u00a0e <a href=\"https:\/\/www.youtube.com\/channel\/UCAptA0jQuYQy8vMhLt2m4qg\">Youtube<\/a>\u00a0e veja nossas mat\u00e9rias, v\u00eddeos e fotos. Voc\u00ea tamb\u00e9m pode enviar informa\u00e7\u00f5es \u00e0 Reda\u00e7\u00e3o do Portal Cariri em A\u00e7\u00e3o pelo WhatsApp (83) 9 9634.5791, (83) 9 9601-1162.<\/p>\n","protected":false},"excerpt":{"rendered":"<p>O prefeito Romero Rodrigues, de Campina Grande, concedeu entrevista \u00e0 R\u00e1dio Cabaceiras FM, no in\u00edcio da tarde deste s\u00e1bado, 2, dentro da agenda de visita&hellip; <\/p>\n","protected":false},"author":2,"featured_media":53001,"comment_status":"closed","ping_status":"closed","sticky":false,"template":"","format":"standard","meta":{"sfsi_plus_gutenberg_text_before_share":"","sfsi_plus_gutenberg_show_text_before_share":"","sfsi_plus_gutenberg_icon_type":"","sfsi_plus_gutenberg_icon_alignemt":"","sfsi_plus_gutenburg_max_per_row":"","footnotes":""},"categories":[1],"tags":[],"class_list":["post-53000","post","type-post","status-publish","format-standard","has-post-thumbnail","hentry","category-o-site"],"_links":{"self":[{"href":"https:\/\/www.caririemacao.com\/1\/wp-json\/wp\/v2\/posts\/53000","targetHints":{"allow":["GET"]}}],"collection":[{"href":"https:\/\/www.caririemacao.com\/1\/wp-json\/wp\/v2\/posts"}],"about":[{"href":"https:\/\/www.caririemacao.com\/1\/wp-json\/wp\/v2\/types\/post"}],"author":[{"embeddable":true,"href":"https:\/\/www.caririemacao.com\/1\/wp-json\/wp\/v2\/users\/2"}],"replies":[{"embeddable":true,"href":"https:\/\/www.caririemacao.com\/1\/wp-json\/wp\/v2\/comments?post=53000"}],"version-history":[{"count":0,"href":"https:\/\/www.caririemacao.com\/1\/wp-json\/wp\/v2\/posts\/53000\/revisions"}],"wp:featuredmedia":[{"embeddable":true,"href":"https:\/\/www.caririemacao.com\/1\/wp-json\/wp\/v2\/media\/53001"}],"wp:attachment":[{"href":"https:\/\/www.caririemacao.com\/1\/wp-json\/wp\/v2\/media?parent=53000"}],"wp:term":[{"taxonomy":"category","embeddable":true,"href":"https:\/\/www.caririemacao.com\/1\/wp-json\/wp\/v2\/categories?post=53000"},{"taxonomy":"post_tag","embeddable":true,"href":"https:\/\/www.caririemacao.com\/1\/wp-json\/wp\/v2\/tags?post=53000"}],"curies":[{"name":"wp","href":"https:\/\/api.w.org\/{rel}","templated":true}]}}