{"id":53006,"date":"2018-06-02T16:35:47","date_gmt":"2018-06-02T19:35:47","guid":{"rendered":"http:\/\/caririemacao.com\/1\/?p=53006"},"modified":"2018-06-02T16:35:47","modified_gmt":"2018-06-02T19:35:47","slug":"dois-assaltos-sao-registrados-em-sume","status":"publish","type":"post","link":"https:\/\/www.caririemacao.com\/1\/2018\/06\/02\/dois-assaltos-sao-registrados-em-sume\/","title":{"rendered":"Dois assaltos s\u00e3o registrados em Sum\u00e9"},"content":{"rendered":"<section id=\"content-inside\">Dois assaltos foram registrados nas primeiras horas deste s\u00e1bado, 02, na cidade de Sum\u00e9, no Cariri paraibano.<\/p>\n<p>O primeiro assalto ocorreu pr\u00f3ximo ao Jacint\u00e3o, quando a funcion\u00e1ria da padaria Dona Bina foi assaltada por uma dupla em uma moto, que fugiram levando sua bolsa com documentos<\/p>\n<p>O segundo assalto ocorreu em frente ao Abrigo de Idosos de Sum\u00e9. A t\u00e9cnica de enfermagem Vanusa foi assaltada no momento em que entrava no abrigo. Dois elementos abordaram a v\u00edtima e anunciaram o assalto, levando dinheiro, documentos e o celular da v\u00edtima.<\/p>\n<p>A funcion\u00e1ria do abrigo reagiu e ainda chegou a lutar com um dos assaltantes.<\/p>\n<p>A Pol\u00edcia Militar foi acionada e est\u00e1 realizando dilig\u00eancias na tentativa de capturar os suspeitos.<\/p>\n<p><strong>CARIRI EM A\u00c7\u00c3O<\/strong><\/p>\n<p>Com Jacquelline Oliveira \/Foto: Reprodu\u00e7\u00e3o Internet<\/p>\n<p>Leia mais not\u00edcias em\u00a0<a href=\"http:\/\/www.caririemacao.com\/\">caririemacao.com<\/a>, siga nossa p\u00e1gina no\u00a0<a href=\"https:\/\/www.facebook.com\/CaririEmAcao\/?ref=aymt_homepage_panel\">Facebook<\/a>,\u00a0<a href=\"https:\/\/www.instagram.com\/cariri_em_acao\/?hl=pt-br\">Instagram<\/a>\u00a0e <a href=\"https:\/\/www.youtube.com\/channel\/UCAptA0jQuYQy8vMhLt2m4qg\">Youtube<\/a>\u00a0e veja nossas mat\u00e9rias, v\u00eddeos e fotos. Voc\u00ea tamb\u00e9m pode enviar informa\u00e7\u00f5es \u00e0 Reda\u00e7\u00e3o do Portal Cariri em A\u00e7\u00e3o pelo WhatsApp (83) 9 9634.5791, (83) 9 9601-1162.<\/p>\n<\/section>\n","protected":false},"excerpt":{"rendered":"<p>Dois assaltos foram registrados nas primeiras horas deste s\u00e1bado, 02, na cidade de Sum\u00e9, no Cariri paraibano. O primeiro assalto ocorreu pr\u00f3ximo ao Jacint\u00e3o, quando&hellip; <\/p>\n","protected":false},"author":2,"featured_media":27587,"comment_status":"closed","ping_status":"closed","sticky":false,"template":"","format":"standard","meta":{"sfsi_plus_gutenberg_text_before_share":"","sfsi_plus_gutenberg_show_text_before_share":"","sfsi_plus_gutenberg_icon_type":"","sfsi_plus_gutenberg_icon_alignemt":"","sfsi_plus_gutenburg_max_per_row":"","footnotes":""},"categories":[12],"tags":[],"class_list":["post-53006","post","type-post","status-publish","format-standard","has-post-thumbnail","hentry","category-policia"],"_links":{"self":[{"href":"https:\/\/www.caririemacao.com\/1\/wp-json\/wp\/v2\/posts\/53006","targetHints":{"allow":["GET"]}}],"collection":[{"href":"https:\/\/www.caririemacao.com\/1\/wp-json\/wp\/v2\/posts"}],"about":[{"href":"https:\/\/www.caririemacao.com\/1\/wp-json\/wp\/v2\/types\/post"}],"author":[{"embeddable":true,"href":"https:\/\/www.caririemacao.com\/1\/wp-json\/wp\/v2\/users\/2"}],"replies":[{"embeddable":true,"href":"https:\/\/www.caririemacao.com\/1\/wp-json\/wp\/v2\/comments?post=53006"}],"version-history":[{"count":0,"href":"https:\/\/www.caririemacao.com\/1\/wp-json\/wp\/v2\/posts\/53006\/revisions"}],"wp:featuredmedia":[{"embeddable":true,"href":"https:\/\/www.caririemacao.com\/1\/wp-json\/wp\/v2\/media\/27587"}],"wp:attachment":[{"href":"https:\/\/www.caririemacao.com\/1\/wp-json\/wp\/v2\/media?parent=53006"}],"wp:term":[{"taxonomy":"category","embeddable":true,"href":"https:\/\/www.caririemacao.com\/1\/wp-json\/wp\/v2\/categories?post=53006"},{"taxonomy":"post_tag","embeddable":true,"href":"https:\/\/www.caririemacao.com\/1\/wp-json\/wp\/v2\/tags?post=53006"}],"curies":[{"name":"wp","href":"https:\/\/api.w.org\/{rel}","templated":true}]}}