{"id":53011,"date":"2018-06-02T18:55:56","date_gmt":"2018-06-02T21:55:56","guid":{"rendered":"http:\/\/caririemacao.com\/1\/?p=53011"},"modified":"2018-06-02T18:55:56","modified_gmt":"2018-06-02T21:55:56","slug":"jovem-vai-para-presidio-apos-planejar-crime-que-terminou-com-morte-do-pai","status":"publish","type":"post","link":"https:\/\/www.caririemacao.com\/1\/2018\/06\/02\/jovem-vai-para-presidio-apos-planejar-crime-que-terminou-com-morte-do-pai\/","title":{"rendered":"Jovem vai para pres\u00eddio ap\u00f3s planejar crime que terminou com morte do pai"},"content":{"rendered":"<p>Herick Ramon Diniz Gomes, de 25 anos, suspeito de planejar um assalto que terminou com a morte do pai dele, um gerente de um posto de combust\u00edvel, vai permanecer preso e ser\u00e1 encaminhado ao Pres\u00eddio do Roger, na Capital. A decis\u00e3o saiu na tarde deste s\u00e1bado (2) em audi\u00eancia de cust\u00f3dia que ocorreu no F\u00f3rum Criminal de Jo\u00e3o Pessoa.<\/p>\n<p>Herick foi preso na noite dessa sexta-feira (1\u00ba), na Capital, quando participava da missa de 7\u00ba dia de morte do pai. Em entrevista \u00e0 TV Correio, o delegado Wagner Dorta, que efetuou a pris\u00e3o disse que n\u00e3o tinha d\u00favidas da participa\u00e7\u00e3o do suspeito no crime.<\/p>\n<p>Dorta explicou que, durante depoimento, Herick Ramon Diniz Gomes, de 25 anos, confessou o crime, mas teria dito que estava arrependido e que o plano n\u00e3o era matar o pai. O delegado disse que o jovem repassou todos os hor\u00e1rios da jornada do pai para os comparsas, que tamb\u00e9m entregaram a a\u00e7\u00e3o.<\/p>\n<p>\u201cTemos elementos que comprovam que Herick disse o hor\u00e1rio quando o pai chegou ao posto. Ele avisou aos dois [comparsas]. Ele [Herick] planejou toda a a\u00e7\u00e3o\u201d, afirmou Dorta, \u00e0\u00a0TV Correio, falando da participa\u00e7\u00e3o de\u00a0outros dois envolvidos, que j\u00e1 est\u00e3o presos.<\/p>\n<p>Sobre a rela\u00e7\u00e3o dos dois, o delegado explicou que, conforme depoimento do suspeito, pai e filho tinham uma conviv\u00eancia tranquila e que a v\u00edtima nunca tinha negado nada a Herick. \u201cTirou a vida de um cidad\u00e3o de bem, pensando no dinheiro\u201d, disse o delegado.<\/p>\n<p>Herick n\u00e3o \u00e9 novato no mundo do crime. Segundo a pol\u00edcia, ele j\u00e1 foi preso no passado com pinos de coca\u00edna.<\/p>\n<p><strong>O crime<\/strong><\/p>\n<p>No momento da ocorr\u00eancia, o posto de combust\u00edveis, localizado na Avenida Edson Ramalho, registrava uma grande fila de carros para abastecimento, por conta da greve dos caminhoneiros.<\/p>\n<p>O gerente do estabelecimento foi baleado ap\u00f3s reagir \u00e0 tentativa de assalto dos criminosos. Uma equipe do Servi\u00e7o de Atendimento M\u00f3vel de Urg\u00eancia foi at\u00e9 o local para o socorro, mas, quando a ambul\u00e2ncia chegou, constatou a morte da v\u00edtima.<\/p>\n<p><strong>CARIRI EM A\u00c7\u00c3O<\/strong><\/p>\n<p>Com Portal Correio\/Foto: Reprodu\u00e7\u00e3o Internet,<\/p>\n<p>Leia mais not\u00edcias em\u00a0<a href=\"http:\/\/www.caririemacao.com\/\">caririemacao.com<\/a>, siga nossa p\u00e1gina no\u00a0<a href=\"https:\/\/www.facebook.com\/CaririEmAcao\/?ref=aymt_homepage_panel\">Facebook<\/a>,\u00a0<a href=\"https:\/\/www.instagram.com\/cariri_em_acao\/?hl=pt-br\">Instagram<\/a>\u00a0e <a href=\"https:\/\/www.youtube.com\/channel\/UCAptA0jQuYQy8vMhLt2m4qg\">Youtube<\/a>\u00a0e veja nossas mat\u00e9rias, v\u00eddeos e fotos. Voc\u00ea tamb\u00e9m pode enviar informa\u00e7\u00f5es \u00e0 Reda\u00e7\u00e3o do Portal Cariri em A\u00e7\u00e3o pelo WhatsApp (83) 9 9634.5791, (83) 9 9601-1162.<\/p>\n","protected":false},"excerpt":{"rendered":"<p>Herick Ramon Diniz Gomes, de 25 anos, suspeito de planejar um assalto que terminou com a morte do pai dele, um gerente de um posto&hellip; <\/p>\n","protected":false},"author":2,"featured_media":53012,"comment_status":"closed","ping_status":"closed","sticky":false,"template":"","format":"standard","meta":{"sfsi_plus_gutenberg_text_before_share":"","sfsi_plus_gutenberg_show_text_before_share":"","sfsi_plus_gutenberg_icon_type":"","sfsi_plus_gutenberg_icon_alignemt":"","sfsi_plus_gutenburg_max_per_row":"","footnotes":""},"categories":[12],"tags":[],"class_list":["post-53011","post","type-post","status-publish","format-standard","has-post-thumbnail","hentry","category-policia"],"_links":{"self":[{"href":"https:\/\/www.caririemacao.com\/1\/wp-json\/wp\/v2\/posts\/53011","targetHints":{"allow":["GET"]}}],"collection":[{"href":"https:\/\/www.caririemacao.com\/1\/wp-json\/wp\/v2\/posts"}],"about":[{"href":"https:\/\/www.caririemacao.com\/1\/wp-json\/wp\/v2\/types\/post"}],"author":[{"embeddable":true,"href":"https:\/\/www.caririemacao.com\/1\/wp-json\/wp\/v2\/users\/2"}],"replies":[{"embeddable":true,"href":"https:\/\/www.caririemacao.com\/1\/wp-json\/wp\/v2\/comments?post=53011"}],"version-history":[{"count":0,"href":"https:\/\/www.caririemacao.com\/1\/wp-json\/wp\/v2\/posts\/53011\/revisions"}],"wp:featuredmedia":[{"embeddable":true,"href":"https:\/\/www.caririemacao.com\/1\/wp-json\/wp\/v2\/media\/53012"}],"wp:attachment":[{"href":"https:\/\/www.caririemacao.com\/1\/wp-json\/wp\/v2\/media?parent=53011"}],"wp:term":[{"taxonomy":"category","embeddable":true,"href":"https:\/\/www.caririemacao.com\/1\/wp-json\/wp\/v2\/categories?post=53011"},{"taxonomy":"post_tag","embeddable":true,"href":"https:\/\/www.caririemacao.com\/1\/wp-json\/wp\/v2\/tags?post=53011"}],"curies":[{"name":"wp","href":"https:\/\/api.w.org\/{rel}","templated":true}]}}