{"id":53014,"date":"2018-06-02T18:58:16","date_gmt":"2018-06-02T21:58:16","guid":{"rendered":"http:\/\/caririemacao.com\/1\/?p=53014"},"modified":"2018-06-02T18:58:37","modified_gmt":"2018-06-02T21:58:37","slug":"conselho-diretor-do-cisco-discute-acoes-voltadas-para-a-saude-de-cidades-do-cariri","status":"publish","type":"post","link":"https:\/\/www.caririemacao.com\/1\/2018\/06\/02\/conselho-diretor-do-cisco-discute-acoes-voltadas-para-a-saude-de-cidades-do-cariri\/","title":{"rendered":"Conselho Diretor do CISCO discute a\u00e7\u00f5es voltadas para a sa\u00fade de cidades do Cariri"},"content":{"rendered":"<p>O Conselho Diretor do Cons\u00f3rcio Intermunicipal de Sa\u00fade do Cariri Ocidental (CISCO), esteve reunido, na \u00faltima sexta (01), para tratar de assuntos pertinentes a sa\u00fade das cidades que comp\u00f5em o CISCO.<br \/>\nO presidente do Cons\u00f3rcio Jefferson Roberto, prefeito de S\u00e3o Jos\u00e9 dos Cordeiros, a Vice-presidente Anna Lorena, prefeita de Monteiro e o Secret\u00e1rio, prefeito de Sum\u00e9, Ed\u00e9n Duarte preocupados com o fortalecimento do CISCO e com o suprimento das demandas emergentes, dentre elas a necessidade de amplia\u00e7\u00e3o da oferta e a melhoria da qualidade do servi\u00e7o de sa\u00fade disposto, para os quase 130 mil habitantes, dessa regi\u00e3o,discutiram, a ado\u00e7\u00e3o de estrat\u00e9gias de enfrentamento que devem permitir aceleridade ao processo de sa\u00fade,minimizando as dificuldades e propiciando acessibilidade.<\/p>\n<p>Durante o encontro foi entendido a necessidade da cria\u00e7\u00e3o do Comit\u00ea T\u00e9cnico que se reunir\u00e1, trimestralmente, acompanhando os dados estat\u00edsticos do CISCO e o cumprimento de metas, al\u00e9m disso, ficou determinada a convoca\u00e7\u00e3o de uma Assembl\u00e9ia Geral Extraordin\u00e1ria para o dia 7 de junho, \u00e0s 15:00, na pr\u00f3pria sede do CISCO, em Sum\u00e9, a fim de que todos os encaminhamentos sejam apreciados e juntos tratados.<\/p>\n<p>Entre os pontos que ser\u00e3o abordados na Assembl\u00e9ia Geral est\u00e3o:<br \/>\na cria\u00e7\u00e3o de um centro de zoonoses, a viabiliza\u00e7\u00e3o de um centro de hemodi\u00e1lise para a regi\u00e3o, o tratamento de res\u00edduos s\u00f3lidos, discutindo assim os benef\u00edcios do aterro sanit\u00e1rio, quest\u00f5es relacionadas tamb\u00e9m aos matadouros e ainda a importante redistribui\u00e7\u00e3o de casas de alvenaria.<\/p>\n<p>Essa \u00e9 uma a\u00e7\u00e3o desenvolvida pelo Conselho Diretor do Consorcio Intermunicipal de Sa\u00fade do Cariri Ocidental \u2013 CISCO, com o objetivo de oferecer uma melhor qualidade de vida aos mun\u00edcipes desta regi\u00e3o.<\/p>\n<p><strong>CARIRI EM A\u00c7\u00c3O<\/strong><\/p>\n<p>Com Ascom \/Foto: Reprodu\u00e7\u00e3o Internet<\/p>\n<p>Leia mais not\u00edcias em\u00a0<a href=\"http:\/\/www.caririemacao.com\/\">caririemacao.com<\/a>, siga nossa p\u00e1gina no\u00a0<a href=\"https:\/\/www.facebook.com\/CaririEmAcao\/?ref=aymt_homepage_panel\">Facebook<\/a>,\u00a0<a href=\"https:\/\/www.instagram.com\/cariri_em_acao\/?hl=pt-br\">Instagram<\/a>\u00a0e <a href=\"https:\/\/www.youtube.com\/channel\/UCAptA0jQuYQy8vMhLt2m4qg\">Youtube<\/a>\u00a0e veja nossas mat\u00e9rias, v\u00eddeos e fotos. Voc\u00ea tamb\u00e9m pode enviar informa\u00e7\u00f5es \u00e0 Reda\u00e7\u00e3o do Portal Cariri em A\u00e7\u00e3o pelo WhatsApp (83) 9 9634.5791, (83) 9 9601-1162.<\/p>\n","protected":false},"excerpt":{"rendered":"<p>O Conselho Diretor do Cons\u00f3rcio Intermunicipal de Sa\u00fade do Cariri Ocidental (CISCO), esteve reunido, na \u00faltima sexta (01), para tratar de assuntos pertinentes a sa\u00fade&hellip; <\/p>\n","protected":false},"author":2,"featured_media":53015,"comment_status":"closed","ping_status":"closed","sticky":false,"template":"","format":"standard","meta":{"sfsi_plus_gutenberg_text_before_share":"","sfsi_plus_gutenberg_show_text_before_share":"","sfsi_plus_gutenberg_icon_type":"","sfsi_plus_gutenberg_icon_alignemt":"","sfsi_plus_gutenburg_max_per_row":"","footnotes":""},"categories":[2],"tags":[],"class_list":["post-53014","post","type-post","status-publish","format-standard","has-post-thumbnail","hentry","category-geral"],"_links":{"self":[{"href":"https:\/\/www.caririemacao.com\/1\/wp-json\/wp\/v2\/posts\/53014","targetHints":{"allow":["GET"]}}],"collection":[{"href":"https:\/\/www.caririemacao.com\/1\/wp-json\/wp\/v2\/posts"}],"about":[{"href":"https:\/\/www.caririemacao.com\/1\/wp-json\/wp\/v2\/types\/post"}],"author":[{"embeddable":true,"href":"https:\/\/www.caririemacao.com\/1\/wp-json\/wp\/v2\/users\/2"}],"replies":[{"embeddable":true,"href":"https:\/\/www.caririemacao.com\/1\/wp-json\/wp\/v2\/comments?post=53014"}],"version-history":[{"count":0,"href":"https:\/\/www.caririemacao.com\/1\/wp-json\/wp\/v2\/posts\/53014\/revisions"}],"wp:featuredmedia":[{"embeddable":true,"href":"https:\/\/www.caririemacao.com\/1\/wp-json\/wp\/v2\/media\/53015"}],"wp:attachment":[{"href":"https:\/\/www.caririemacao.com\/1\/wp-json\/wp\/v2\/media?parent=53014"}],"wp:term":[{"taxonomy":"category","embeddable":true,"href":"https:\/\/www.caririemacao.com\/1\/wp-json\/wp\/v2\/categories?post=53014"},{"taxonomy":"post_tag","embeddable":true,"href":"https:\/\/www.caririemacao.com\/1\/wp-json\/wp\/v2\/tags?post=53014"}],"curies":[{"name":"wp","href":"https:\/\/api.w.org\/{rel}","templated":true}]}}