{"id":53017,"date":"2018-06-02T19:21:56","date_gmt":"2018-06-02T22:21:56","guid":{"rendered":"http:\/\/caririemacao.com\/1\/?p=53017"},"modified":"2018-06-02T19:21:56","modified_gmt":"2018-06-02T22:21:56","slug":"camara-aprova-projeto-que-disciplina-tratamento-de-dados-pessoais","status":"publish","type":"post","link":"https:\/\/www.caririemacao.com\/1\/2018\/06\/02\/camara-aprova-projeto-que-disciplina-tratamento-de-dados-pessoais\/","title":{"rendered":"C\u00e2mara aprova projeto que disciplina tratamento de dados pessoais"},"content":{"rendered":"<p>O Plen\u00e1rio da C\u00e2mara dos Deputados aprovou nessa semana o Projeto de Lei 4060\/12, do deputado Milton Monti (PR-SP), que regulamenta o tratamento de dados pessoais no Brasil, tanto pelo poder p\u00fablico quanto pela iniciativa privada. A mat\u00e9ria ser\u00e1 enviada ao Senado.<\/p>\n<p>O tratamento de dados pessoais \u00e9 o cruzamento de dados e informa\u00e7\u00f5es de uma pessoa espec\u00edfica ou de um grupo para direcionar decis\u00f5es comerciais (perfil de consumo do titular para fins de marketing ou divulga\u00e7\u00e3o de ofertas de bens ou servi\u00e7os), pol\u00edticas p\u00fablicas ou atua\u00e7\u00e3o de \u00f3rg\u00e3o p\u00fablico.<\/p>\n<p>Podem ser tratados todos e quaisquer dados, como, por exemplo, nome, endere\u00e7o, e-mail, idade, estado civil e situa\u00e7\u00e3o patrimonial, seja obtido em qualquer tipo de suporte (papel, eletr\u00f4nico, inform\u00e1tico, som e imagem, etc.).<\/p>\n<p>Outros dados dispon\u00edveis para tratamento s\u00e3o as imagens relativas a pessoas recolhidas atrav\u00e9s dos sistemas de videovigil\u00e2ncia, a grava\u00e7\u00e3o de chamadas telef\u00f4nicas quando informadas \u00e0 pessoa, os endere\u00e7os de IP, os dados de tr\u00e1fego e dados de localiza\u00e7\u00e3o do computador e informa\u00e7\u00f5es de localiza\u00e7\u00e3o obtidas por sistemas de geolocaliza\u00e7\u00e3o.<\/p>\n<p>A mat\u00e9ria foi aprovada na forma do\u00a0<span class=\"termoGlossario\">substitutivo<\/span>\u00a0do deputado Orlando Silva (PCdoB-SP), que ressaltou o trabalho da comiss\u00e3o especial sobre o tema, ao ouvir representantes de entidades nacionais e estrangeiras. \u201cH\u00e1 um t\u00f3pico exclusivamente para o tratamento dos dados de sa\u00fade e outro para estimular pr\u00e1ticas de boa gest\u00e3o\u201d, explicou.<\/p>\n<p>Para o autor do projeto, o texto n\u00e3o barra avan\u00e7os tecnol\u00f3gicos e garante \u201cque as pessoas n\u00e3o ter\u00e3o seus dados expostos\u201d.<\/p>\n<p><strong>Permiss\u00f5es<\/strong><br \/>\nA proposta permite o tratamento de dados pessoais em dez situa\u00e7\u00f5es: com o consentimento do titular; para o cumprimento de obriga\u00e7\u00e3o legal ou regulat\u00f3ria pelo respons\u00e1vel pelo tratamento; pela administra\u00e7\u00e3o p\u00fablica, para o tratamento e uso compartilhado de dados necess\u00e1rios \u00e0 execu\u00e7\u00e3o de pol\u00edticas p\u00fablicas; para a realiza\u00e7\u00e3o de estudos por \u00f3rg\u00e3o de pesquisa, sem a individualiza\u00e7\u00e3o da pessoa; para a prote\u00e7\u00e3o da vida ou da incolumidade f\u00edsica do titular ou de terceiro; ou para a tutela da sa\u00fade, com procedimento realizado por profissionais da \u00e1rea da sa\u00fade ou por entidades sanit\u00e1rias.<\/p>\n<p>Outros motivos s\u00e3o para a execu\u00e7\u00e3o de um contrato ou de procedimentos preliminares relacionados a um contrato do qual \u00e9 parte o titular quando a seu pedido; para pleitos em processos judicial, administrativo ou arbitral; e para a prote\u00e7\u00e3o do cr\u00e9dito, nos termos do C\u00f3digo de Defesa do Consumidor (Lei 8.078\/90).<\/p>\n<p>A motiva\u00e7\u00e3o mais gen\u00e9rica, seguindo conceito da regulamenta\u00e7\u00e3o europeia, \u00e9 para atender aos \u201cinteresses leg\u00edtimos\u201d do respons\u00e1vel ou de terceiro. Nesse caso incluem-se, por exemplo, as finalidades comerciais e de marketing dirigido.<\/p>\n<p><strong>Informa\u00e7\u00e3o<\/strong><br \/>\nQuando o tratamento de dados for necess\u00e1rio para o cumprimento de obriga\u00e7\u00e3o legal ou regulat\u00f3ria ou feito pela administra\u00e7\u00e3o p\u00fablica, o titular ser\u00e1 informado das hip\u00f3teses em que ser\u00e1 admitido o tratamento de seus dados.<\/p>\n<p>J\u00e1 em rela\u00e7\u00e3o aos dados tratados com o consentimento do titular, se o respons\u00e1vel pelo tratamento precisar comunicar ou compartilhar dados pessoais com outros respons\u00e1veis, ele dever\u00e1 obter consentimento espec\u00edfico do titular para esse fim.<\/p>\n<p>Se houver mudan\u00e7as da finalidade do tratamento feito com o consentimento necess\u00e1rio do titular, este poder\u00e1 revog\u00e1-lo se n\u00e3o concordar com essas mudan\u00e7as.<\/p>\n<p><strong>CARIRI EM A\u00c7\u00c3O<\/strong><\/p>\n<p>Com Ag\u00eancia C\u00e2mara \/Foto: Reprodu\u00e7\u00e3o Internet<\/p>\n<p>Leia mais not\u00edcias em\u00a0<a href=\"http:\/\/www.caririemacao.com\/\">caririemacao.com<\/a>, siga nossa p\u00e1gina no\u00a0<a href=\"https:\/\/www.facebook.com\/CaririEmAcao\/?ref=aymt_homepage_panel\">Facebook<\/a>,\u00a0<a href=\"https:\/\/www.instagram.com\/cariri_em_acao\/?hl=pt-br\">Instagram<\/a>\u00a0e <a href=\"https:\/\/www.youtube.com\/channel\/UCAptA0jQuYQy8vMhLt2m4qg\">Youtube<\/a>\u00a0e veja nossas mat\u00e9rias, v\u00eddeos e fotos. Voc\u00ea tamb\u00e9m pode enviar informa\u00e7\u00f5es \u00e0 Reda\u00e7\u00e3o do Portal Cariri em A\u00e7\u00e3o pelo WhatsApp (83) 9 9634.5791, (83) 9 9601-1162.<\/p>\n","protected":false},"excerpt":{"rendered":"<p>O Plen\u00e1rio da C\u00e2mara dos Deputados aprovou nessa semana o Projeto de Lei 4060\/12, do deputado Milton Monti (PR-SP), que regulamenta o tratamento de dados&hellip; <\/p>\n","protected":false},"author":2,"featured_media":32048,"comment_status":"closed","ping_status":"closed","sticky":false,"template":"","format":"standard","meta":{"sfsi_plus_gutenberg_text_before_share":"","sfsi_plus_gutenberg_show_text_before_share":"","sfsi_plus_gutenberg_icon_type":"","sfsi_plus_gutenberg_icon_alignemt":"","sfsi_plus_gutenburg_max_per_row":"","footnotes":""},"categories":[11],"tags":[],"class_list":["post-53017","post","type-post","status-publish","format-standard","has-post-thumbnail","hentry","category-politica"],"_links":{"self":[{"href":"https:\/\/www.caririemacao.com\/1\/wp-json\/wp\/v2\/posts\/53017","targetHints":{"allow":["GET"]}}],"collection":[{"href":"https:\/\/www.caririemacao.com\/1\/wp-json\/wp\/v2\/posts"}],"about":[{"href":"https:\/\/www.caririemacao.com\/1\/wp-json\/wp\/v2\/types\/post"}],"author":[{"embeddable":true,"href":"https:\/\/www.caririemacao.com\/1\/wp-json\/wp\/v2\/users\/2"}],"replies":[{"embeddable":true,"href":"https:\/\/www.caririemacao.com\/1\/wp-json\/wp\/v2\/comments?post=53017"}],"version-history":[{"count":0,"href":"https:\/\/www.caririemacao.com\/1\/wp-json\/wp\/v2\/posts\/53017\/revisions"}],"wp:featuredmedia":[{"embeddable":true,"href":"https:\/\/www.caririemacao.com\/1\/wp-json\/wp\/v2\/media\/32048"}],"wp:attachment":[{"href":"https:\/\/www.caririemacao.com\/1\/wp-json\/wp\/v2\/media?parent=53017"}],"wp:term":[{"taxonomy":"category","embeddable":true,"href":"https:\/\/www.caririemacao.com\/1\/wp-json\/wp\/v2\/categories?post=53017"},{"taxonomy":"post_tag","embeddable":true,"href":"https:\/\/www.caririemacao.com\/1\/wp-json\/wp\/v2\/tags?post=53017"}],"curies":[{"name":"wp","href":"https:\/\/api.w.org\/{rel}","templated":true}]}}