{"id":53019,"date":"2018-06-02T19:25:15","date_gmt":"2018-06-02T22:25:15","guid":{"rendered":"http:\/\/caririemacao.com\/1\/?p=53019"},"modified":"2018-06-02T19:25:15","modified_gmt":"2018-06-02T22:25:15","slug":"michel-temer-demite-indicados-do-ptb-presos-em-operacao-da-pf-veja","status":"publish","type":"post","link":"https:\/\/www.caririemacao.com\/1\/2018\/06\/02\/michel-temer-demite-indicados-do-ptb-presos-em-operacao-da-pf-veja\/","title":{"rendered":"Michel Temer demite indicados do PTB presos em opera\u00e7\u00e3o da PF; Veja"},"content":{"rendered":"<p>O presidente Michel Temer exonerou nesta sexta (1\u00ba) tr\u00eas dos alvos da opera\u00e7\u00e3o Registro Esp\u00fario, da Pol\u00edcia federal, que apura fraudes no Minist\u00e9rio do Trabalho. Dois parentes do deputado Jovair Arantes (PTB-GO) est\u00e3o na lista de demitidos: Leonardo Arantes, que era secret\u00e1rio-executivo da pasta, e Rog\u00e9rio Papalardo Arantes, que era diretor do Incra.<\/p>\n<p>Ambos tiveram a pris\u00e3o decretada pelo ministro Edson Fachin, do STF (Supremo Tribunal Federal). As exonera\u00e7\u00f5es dos parentes do parlamentar foram registradas como &#8220;a pedido&#8221;.<\/p>\n<p>Daniel Vesely, que era diretor na Embratur e foi preso pela PF, tamb\u00e9m perdeu o posto. As demiss\u00f5es foram publicadas em edi\u00e7\u00e3o extra do Di\u00e1rio Oficial. Com informa\u00e7\u00f5es da Folhapress.<\/p>\n<p><strong>CARIRI EM A\u00c7\u00c3O<\/strong><\/p>\n<div class=\"post-copyright\">\n<p>Com reporterpb \/Foto: Reprodu\u00e7\u00e3o Internet<\/p>\n<p>Leia mais not\u00edcias em\u00a0<a href=\"http:\/\/www.caririemacao.com\/\">caririemacao.com<\/a>, siga nossa p\u00e1gina no\u00a0<a href=\"https:\/\/www.facebook.com\/CaririEmAcao\/?ref=aymt_homepage_panel\">Facebook<\/a>,\u00a0<a href=\"https:\/\/www.instagram.com\/cariri_em_acao\/?hl=pt-br\">Instagram<\/a>\u00a0e <a href=\"https:\/\/www.youtube.com\/channel\/UCAptA0jQuYQy8vMhLt2m4qg\">Youtube<\/a>\u00a0e veja nossas mat\u00e9rias, v\u00eddeos e fotos. Voc\u00ea tamb\u00e9m pode enviar informa\u00e7\u00f5es \u00e0 Reda\u00e7\u00e3o do Portal Cariri em A\u00e7\u00e3o pelo WhatsApp (83) 9 9634.5791, (83) 9 9601-1162.<\/p>\n<p>Rep\u00f3rter PB<\/p><\/div>\n","protected":false},"excerpt":{"rendered":"<p>O presidente Michel Temer exonerou nesta sexta (1\u00ba) tr\u00eas dos alvos da opera\u00e7\u00e3o Registro Esp\u00fario, da Pol\u00edcia federal, que apura fraudes no Minist\u00e9rio do Trabalho.&hellip; <\/p>\n","protected":false},"author":2,"featured_media":36057,"comment_status":"closed","ping_status":"closed","sticky":false,"template":"","format":"standard","meta":{"sfsi_plus_gutenberg_text_before_share":"","sfsi_plus_gutenberg_show_text_before_share":"","sfsi_plus_gutenberg_icon_type":"","sfsi_plus_gutenberg_icon_alignemt":"","sfsi_plus_gutenburg_max_per_row":"","footnotes":""},"categories":[11],"tags":[],"class_list":["post-53019","post","type-post","status-publish","format-standard","has-post-thumbnail","hentry","category-politica"],"_links":{"self":[{"href":"https:\/\/www.caririemacao.com\/1\/wp-json\/wp\/v2\/posts\/53019","targetHints":{"allow":["GET"]}}],"collection":[{"href":"https:\/\/www.caririemacao.com\/1\/wp-json\/wp\/v2\/posts"}],"about":[{"href":"https:\/\/www.caririemacao.com\/1\/wp-json\/wp\/v2\/types\/post"}],"author":[{"embeddable":true,"href":"https:\/\/www.caririemacao.com\/1\/wp-json\/wp\/v2\/users\/2"}],"replies":[{"embeddable":true,"href":"https:\/\/www.caririemacao.com\/1\/wp-json\/wp\/v2\/comments?post=53019"}],"version-history":[{"count":0,"href":"https:\/\/www.caririemacao.com\/1\/wp-json\/wp\/v2\/posts\/53019\/revisions"}],"wp:featuredmedia":[{"embeddable":true,"href":"https:\/\/www.caririemacao.com\/1\/wp-json\/wp\/v2\/media\/36057"}],"wp:attachment":[{"href":"https:\/\/www.caririemacao.com\/1\/wp-json\/wp\/v2\/media?parent=53019"}],"wp:term":[{"taxonomy":"category","embeddable":true,"href":"https:\/\/www.caririemacao.com\/1\/wp-json\/wp\/v2\/categories?post=53019"},{"taxonomy":"post_tag","embeddable":true,"href":"https:\/\/www.caririemacao.com\/1\/wp-json\/wp\/v2\/tags?post=53019"}],"curies":[{"name":"wp","href":"https:\/\/api.w.org\/{rel}","templated":true}]}}