{"id":53021,"date":"2018-06-02T19:29:42","date_gmt":"2018-06-02T22:29:42","guid":{"rendered":"http:\/\/caririemacao.com\/1\/?p=53021"},"modified":"2018-06-02T19:33:56","modified_gmt":"2018-06-02T22:33:56","slug":"eleitores-do-tocantins-vao-as-urnas-para-escolher-governador","status":"publish","type":"post","link":"https:\/\/www.caririemacao.com\/1\/2018\/06\/02\/eleitores-do-tocantins-vao-as-urnas-para-escolher-governador\/","title":{"rendered":"Eleitores do Tocantins v\u00e3o \u00e0s urnas para escolher governador"},"content":{"rendered":"<p>Neste domingo, mais de um milh\u00e3o de eleitores do Tocantins v\u00e3o \u00e0s urnas para escolher entre sete candidatos o novo governador que vai comandar o Pal\u00e1cio Araguaia para um mandato tamp\u00e3o. A elei\u00e7\u00e3o est\u00e1 sendo realizada depois que o Tribunal Superior Eleitoral cassou, por 5 votos a 1, o ex-governador Marcelo Miranda (MDB) e a ex-vice-governadora Cl\u00e1udia Lelis (PV) por suspeita de uso de caixa 2 na campanha eleitoral de 2014. Concorrem ao cargo a senadora K\u00e1tia Abreu (PDT), Carlos Amastha (PSB), M\u00e1rlon Reis (Rede) e M\u00e1rio L\u00facio Avelar (PSOL), Marcos Souza (PRTB), Vicentinho Alves (PR) e Mauro Carlesse (PHS).<\/p>\n<p>O ex-presidente Luiz In\u00e1cio Lula da Silva enviou uma carta ao PT do Tocantins anunciando seu apoio \u00e0 senadora e pedindo aos seus eleitores do estado que votem nela. Lula disse ter gratid\u00e3o \u00e0 senadora que foi uma das maiores defensoras da ex-presidente Dilma Rousseff durante o processo de impeachment. \u201cO Brasil est\u00e1 t\u00e3o carente de pessoas de car\u00e1ter e lealdade pol\u00edtica que, quando ouvia os discursos da K\u00e1tia, ficava orgulhoso de ver uma mulher com quem n\u00e3o tinha nenhuma afinidade pol\u00edtica e ideol\u00f3gica, causando inveja a muitos de esquerda que tinham vergonha de defender a Dilma. O meu respeito pela K\u00e1tia cresceu a cada dia\u201d, disse Lula.<\/p>\n<p>Ex-ministra da Agricultura do governo Dilma, a senadora votou contra o impeachment e se uniu \u00e0 oposi\u00e7\u00e3o no Senado contra mat\u00e9rias de interesse do Executivo, como a reforma trabalhista. Forte cr\u00edtica da gest\u00e3o de Michel Temer, K\u00e1tia Abreu foi expulsa do MDB, segundo ela, por \u201cdefender posi\u00e7\u00f5es que desagradaram\u201d ao governo e ao MDB. \u201cFui expulsa exatamente por n\u00e3o ter feito concess\u00e3o \u00e0 \u00e9tica na pol\u00edtica. Fui expulsa por defender posi\u00e7\u00f5es que desagradam ao governo. Fui expulsa pois ousei dizer n\u00e3o a cargos, privil\u00e9gios ou regalias do poder\u201d, afirmou.<\/p>\n<p>Candidata pela coliga\u00e7\u00e3o Reconstruindo o Tocantins, Katia Abreu afirmou, na propaganda pol\u00edtica gratuita no r\u00e1dio e na TV, estar preparada para equilibrar as contas do estado e resolver os problemas emergenciais da \u00e1rea social. \u201cNesses pr\u00f3ximos seis meses n\u00e3o faremos tudo que o Estado precisa, mas eu farei muito mais do que voc\u00eas est\u00e3o esperando, farei muito mais pelo povo do meu estado. Onde houver um cidad\u00e3o tocantinense precisando de mim, precisando de n\u00f3s, eu quero ser uma governadora presente, uma governadora de corpo e alma\u201d, declarou.<\/p>\n<p>Pesquisa feita pela Federa\u00e7\u00e3o das Ind\u00fastrias do Estado do Tocantins (FIETO), divulgada ontem, mostrou que a disputa ainda segue indefinida: Carlos Amastha, Carlesse e Vicentinho est\u00e3o empatados tecnicamente com 27%, 26% e 24% respectivamente. K\u00e1tia Abreu aparece em quarto lugar com 15%. A organiza\u00e7\u00e3o do pleito fora de \u00e9poca ir\u00e1 custar cerca de R$ 15 milh\u00f5es. Foram chamados 1.290 policiais militares e equipes do Ex\u00e9rcito, que atender\u00e3o as aldeias ind\u00edgenas em cinco cidades.<\/p>\n<p><strong>CARIRI EM A\u00c7\u00c3O<\/strong><\/p>\n<p>Com Jornal Do Brasil \/Foto: Reprodu\u00e7\u00e3o Internet<\/p>\n<p>Leia mais not\u00edcias em\u00a0<a href=\"http:\/\/www.caririemacao.com\/\">caririemacao.com<\/a>, siga nossa p\u00e1gina no\u00a0<a href=\"https:\/\/www.facebook.com\/CaririEmAcao\/?ref=aymt_homepage_panel\">Facebook<\/a>,\u00a0<a href=\"https:\/\/www.instagram.com\/cariri_em_acao\/?hl=pt-br\">Instagram<\/a>\u00a0e <a href=\"https:\/\/www.youtube.com\/channel\/UCAptA0jQuYQy8vMhLt2m4qg\">Youtube<\/a>\u00a0e veja nossas mat\u00e9rias, v\u00eddeos e fotos. Voc\u00ea tamb\u00e9m pode enviar informa\u00e7\u00f5es \u00e0 Reda\u00e7\u00e3o do Portal Cariri em A\u00e7\u00e3o pelo WhatsApp (83) 9 9634.5791, (83) 9 9601-1162.<\/p>\n","protected":false},"excerpt":{"rendered":"<p>Neste domingo, mais de um milh\u00e3o de eleitores do Tocantins v\u00e3o \u00e0s urnas para escolher entre sete candidatos o novo governador que vai comandar o&hellip; <\/p>\n","protected":false},"author":2,"featured_media":2159,"comment_status":"closed","ping_status":"closed","sticky":false,"template":"","format":"standard","meta":{"sfsi_plus_gutenberg_text_before_share":"","sfsi_plus_gutenberg_show_text_before_share":"","sfsi_plus_gutenberg_icon_type":"","sfsi_plus_gutenberg_icon_alignemt":"","sfsi_plus_gutenburg_max_per_row":"","footnotes":""},"categories":[1],"tags":[],"class_list":["post-53021","post","type-post","status-publish","format-standard","has-post-thumbnail","hentry","category-o-site"],"_links":{"self":[{"href":"https:\/\/www.caririemacao.com\/1\/wp-json\/wp\/v2\/posts\/53021","targetHints":{"allow":["GET"]}}],"collection":[{"href":"https:\/\/www.caririemacao.com\/1\/wp-json\/wp\/v2\/posts"}],"about":[{"href":"https:\/\/www.caririemacao.com\/1\/wp-json\/wp\/v2\/types\/post"}],"author":[{"embeddable":true,"href":"https:\/\/www.caririemacao.com\/1\/wp-json\/wp\/v2\/users\/2"}],"replies":[{"embeddable":true,"href":"https:\/\/www.caririemacao.com\/1\/wp-json\/wp\/v2\/comments?post=53021"}],"version-history":[{"count":0,"href":"https:\/\/www.caririemacao.com\/1\/wp-json\/wp\/v2\/posts\/53021\/revisions"}],"wp:featuredmedia":[{"embeddable":true,"href":"https:\/\/www.caririemacao.com\/1\/wp-json\/wp\/v2\/media\/2159"}],"wp:attachment":[{"href":"https:\/\/www.caririemacao.com\/1\/wp-json\/wp\/v2\/media?parent=53021"}],"wp:term":[{"taxonomy":"category","embeddable":true,"href":"https:\/\/www.caririemacao.com\/1\/wp-json\/wp\/v2\/categories?post=53021"},{"taxonomy":"post_tag","embeddable":true,"href":"https:\/\/www.caririemacao.com\/1\/wp-json\/wp\/v2\/tags?post=53021"}],"curies":[{"name":"wp","href":"https:\/\/api.w.org\/{rel}","templated":true}]}}