{"id":53023,"date":"2018-06-02T19:33:00","date_gmt":"2018-06-02T22:33:00","guid":{"rendered":"http:\/\/caririemacao.com\/1\/?p=53023"},"modified":"2018-06-02T19:33:00","modified_gmt":"2018-06-02T22:33:00","slug":"paraiba-capacita-medicos-em-curso-sobre-diagnostico-de-morte-encefalica","status":"publish","type":"post","link":"https:\/\/www.caririemacao.com\/1\/2018\/06\/02\/paraiba-capacita-medicos-em-curso-sobre-diagnostico-de-morte-encefalica\/","title":{"rendered":"Para\u00edba capacita m\u00e9dicos em curso sobre diagn\u00f3stico de morte encef\u00e1lica"},"content":{"rendered":"<div class=\"noticiacorpo\">\n<p class=\" \">A Secretaria de Estado da Sa\u00fade, por meio da Central de Transplante da Para\u00edba, em parceria com o Conselho Regional de Medicina da Para\u00edba (CRM-PB), realizou o 1\u00ba Curso de Capacita\u00e7\u00e3o para Determina\u00e7\u00e3o de Morte Encef\u00e1lica. Com o objetivo de capacitar m\u00e9dicos intensivistas (com experi\u00eancia em Unidades de Terapia Intensiva), o curso teve dura\u00e7\u00e3o de oito horas, sendo quatro delas com conte\u00fado te\u00f3rico e as outras quatro de pr\u00e1tica.<\/p>\n<p class=\" \">O Conselho Federal de Medicina (CFM), por meio da Resolu\u00e7\u00e3o 2.173 de 2017, tornou obrigat\u00f3rio o in\u00edcio dos procedimentos para determina\u00e7\u00e3o de morte encef\u00e1lica para todos os pacientes que apresentem coma n\u00e3o perceptivo, aus\u00eancia de reatividade supraespinhal e apneia persistente e que atendam pr\u00e9-requisitos determinados. Estes procedimentos devem ser realizados por dois m\u00e9dicos diferentes, especificamente capacitados para determina\u00e7\u00e3o de morte encef\u00e1lica.<\/p>\n<p class=\" \">&#8220;Diante desta nova resolu\u00e7\u00e3o, havia a necessidade de realizar uma capacita\u00e7\u00e3o de m\u00e9dicos intensivistas, principalmente porque vai influenciar diretamente na capta\u00e7\u00e3o de \u00f3rg\u00e3os. Certamente, com um maior n\u00famero de profissionais capacitados e envolvidos na determina\u00e7\u00e3o da morte encef\u00e1lica, a capta\u00e7\u00e3o de \u00f3rg\u00e3os vai ser mais eficiente e, consequentemente, as filas para transplantes minimizadas&#8221;, disse o presidente no CRM-PB, Jo\u00e3o Medeiros.<\/p>\n<p class=\" \">Antes da resolu\u00e7\u00e3o, alguns crit\u00e9rios deixavam d\u00favidas quanto ao in\u00edcio de um processo de diagn\u00f3stico de morte encef\u00e1lica. O curso apresenta e cumpre os novos crit\u00e9rios e, dessa forma, os m\u00e9dicos ter\u00e3o seguran\u00e7a para abrir um protocolo para a determina\u00e7\u00e3o de morte encef\u00e1lica.<\/p>\n<p class=\" \">&#8220;Os alunos presentes nos cursos s\u00e3o m\u00e9dicos que j\u00e1 t\u00eam experi\u00eancia com pacientes cr\u00edticos e s\u00e3o profissionais que lidam diretamente com poss\u00edveis mortes encef\u00e1licas. Eles t\u00eam que saber identificar esse paciente para que se conclua a morte e, quando conclu\u00edda, o corpo deve ser entregue aos parentes e a fam\u00edlia tem a op\u00e7\u00e3o de ser ou n\u00e3o doadora de \u00f3rg\u00e3os&#8221;, explicou a diretora da Central de Transplantes da Para\u00edba, Gyanna Lys Montenegro.<\/p>\n<p class=\" \">Este \u00e9 o primeiro curso para determina\u00e7\u00e3o de morte encef\u00e1lica ministrado na Para\u00edba com instrutores de Pernambuco. Entretanto, j\u00e1 existem instrutores treinados no Estado para desempenhar as pr\u00f3ximas edi\u00e7\u00f5es \u2013 a exemplo de Campina Grande, que recebe a capacita\u00e7\u00e3o no pr\u00f3ximo s\u00e1bado (9).<\/p>\n<p class=\" \">&#8220;O curso \u00e9 muito bacana e \u00e9 pautado conforme as recomenda\u00e7\u00f5es e orienta\u00e7\u00f5es do CFM. Al\u00e9m da teoria, os m\u00e9dicos discutem casos cl\u00ednicos e contam com o aux\u00edlio de um instrutor para cada oito alunos nas aulas pr\u00e1ticas, tirando as d\u00favidas e compartilhando informa\u00e7\u00f5es&#8221;, disse a m\u00e9dica intensivista da Central de Transplantes de Pernambuco, Karina Monteiro.<\/p>\n<\/div>\n<p><strong>CARIRI EM A\u00c7\u00c3O<\/strong><\/p>\n<p>Com Secom-PB\u00a0\/Foto: Reprodu\u00e7\u00e3o Internet<\/p>\n<p>Leia mais not\u00edcias em\u00a0<a href=\"http:\/\/www.caririemacao.com\/\">caririemacao.com<\/a>, siga nossa p\u00e1gina no\u00a0<a href=\"https:\/\/www.facebook.com\/CaririEmAcao\/?ref=aymt_homepage_panel\">Facebook<\/a>,\u00a0<a href=\"https:\/\/www.instagram.com\/cariri_em_acao\/?hl=pt-br\">Instagram<\/a>\u00a0e <a href=\"https:\/\/www.youtube.com\/channel\/UCAptA0jQuYQy8vMhLt2m4qg\">Youtube<\/a>\u00a0e veja nossas mat\u00e9rias, v\u00eddeos e fotos. Voc\u00ea tamb\u00e9m pode enviar informa\u00e7\u00f5es \u00e0 Reda\u00e7\u00e3o do Portal Cariri em A\u00e7\u00e3o pelo WhatsApp (83) 9 9634.5791, (83) 9 9601-1162.<\/p>\n","protected":false},"excerpt":{"rendered":"<p>A Secretaria de Estado da Sa\u00fade, por meio da Central de Transplante da Para\u00edba, em parceria com o Conselho Regional de Medicina da Para\u00edba (CRM-PB),&hellip; <\/p>\n","protected":false},"author":2,"featured_media":53024,"comment_status":"closed","ping_status":"closed","sticky":false,"template":"","format":"standard","meta":{"sfsi_plus_gutenberg_text_before_share":"","sfsi_plus_gutenberg_show_text_before_share":"","sfsi_plus_gutenberg_icon_type":"","sfsi_plus_gutenberg_icon_alignemt":"","sfsi_plus_gutenburg_max_per_row":"","footnotes":""},"categories":[16],"tags":[],"class_list":["post-53023","post","type-post","status-publish","format-standard","has-post-thumbnail","hentry","category-saude"],"_links":{"self":[{"href":"https:\/\/www.caririemacao.com\/1\/wp-json\/wp\/v2\/posts\/53023","targetHints":{"allow":["GET"]}}],"collection":[{"href":"https:\/\/www.caririemacao.com\/1\/wp-json\/wp\/v2\/posts"}],"about":[{"href":"https:\/\/www.caririemacao.com\/1\/wp-json\/wp\/v2\/types\/post"}],"author":[{"embeddable":true,"href":"https:\/\/www.caririemacao.com\/1\/wp-json\/wp\/v2\/users\/2"}],"replies":[{"embeddable":true,"href":"https:\/\/www.caririemacao.com\/1\/wp-json\/wp\/v2\/comments?post=53023"}],"version-history":[{"count":0,"href":"https:\/\/www.caririemacao.com\/1\/wp-json\/wp\/v2\/posts\/53023\/revisions"}],"wp:featuredmedia":[{"embeddable":true,"href":"https:\/\/www.caririemacao.com\/1\/wp-json\/wp\/v2\/media\/53024"}],"wp:attachment":[{"href":"https:\/\/www.caririemacao.com\/1\/wp-json\/wp\/v2\/media?parent=53023"}],"wp:term":[{"taxonomy":"category","embeddable":true,"href":"https:\/\/www.caririemacao.com\/1\/wp-json\/wp\/v2\/categories?post=53023"},{"taxonomy":"post_tag","embeddable":true,"href":"https:\/\/www.caririemacao.com\/1\/wp-json\/wp\/v2\/tags?post=53023"}],"curies":[{"name":"wp","href":"https:\/\/api.w.org\/{rel}","templated":true}]}}