{"id":53026,"date":"2018-06-02T19:35:43","date_gmt":"2018-06-02T22:35:43","guid":{"rendered":"http:\/\/caririemacao.com\/1\/?p=53026"},"modified":"2018-06-02T19:35:43","modified_gmt":"2018-06-02T22:35:43","slug":"temer-nao-tem-legitimidade-mas-nao-podemos-ficar-derrubando-governo-apos-governo-diz-rc","status":"publish","type":"post","link":"https:\/\/www.caririemacao.com\/1\/2018\/06\/02\/temer-nao-tem-legitimidade-mas-nao-podemos-ficar-derrubando-governo-apos-governo-diz-rc\/","title":{"rendered":"\u2018Temer n\u00e3o tem legitimidade, mas n\u00e3o podemos ficar derrubando governo ap\u00f3s governo\u2019, diz RC"},"content":{"rendered":"<div>\n<p>O governador Ricardo Coutinho (PSB) recentemente fez duras cr\u00edticas ao governo do presidente Michel Temer (MDB), principalmente pelo aumento vertiginoso nos valores dos combust\u00edveis.<\/p>\n<p>J\u00e1 derrubaram a democracia em 2016. Se o governo n\u00e3o \u00e9 bom, o povo troca no voto, mas n\u00e3o pode ser pelo congresso sem haver um crime de responsabilidade e fizeram isso para que? Para mudar a agenda econ\u00f4mica do pa\u00eds, para que outras empresas de petr\u00f3leo possam vir explorar a o nosso petr\u00f3leo, nosso pr\u00e9-sal\u201d, disse.<\/p>\n<\/div>\n<div>\n<p>O socialista, por\u00e9m, negou que queira a queda do emedebista: \u201co pre\u00e7o do g\u00e1s, da gasolina \u00e9 produto da pol\u00edtica, n\u00e3o da natureza ou do humor de ningu\u00e9m. Tudo depende de uma l\u00f3gica e no Brasil de hoje, com um governo que n\u00e3o tem legitimidade, mas a gente n\u00e3o pode ficar derrubando governo ap\u00f3s governo. Esse pa\u00eds n\u00e3o pode ficar pior do que j\u00e1 est\u00e1\u201d, declarou.<\/p>\n<p><strong>CARIRI EM A\u00c7\u00c3O<\/strong><\/p>\n<p>Com Para\u00edba.com.br\/Foto: Reprodu\u00e7\u00e3o Internet<\/p>\n<p>Leia mais not\u00edcias em\u00a0<a href=\"http:\/\/www.caririemacao.com\/\">caririemacao.com<\/a>, siga nossa p\u00e1gina no\u00a0<a href=\"https:\/\/www.facebook.com\/CaririEmAcao\/?ref=aymt_homepage_panel\">Facebook<\/a>,\u00a0<a href=\"https:\/\/www.instagram.com\/cariri_em_acao\/?hl=pt-br\">Instagram<\/a>\u00a0e <a href=\"https:\/\/www.youtube.com\/channel\/UCAptA0jQuYQy8vMhLt2m4qg\">Youtube<\/a>\u00a0e veja nossas mat\u00e9rias, v\u00eddeos e fotos. Voc\u00ea tamb\u00e9m pode enviar informa\u00e7\u00f5es \u00e0 Reda\u00e7\u00e3o do Portal Cariri em A\u00e7\u00e3o pelo WhatsApp (83) 9 9634.5791, (83) 9 9601-1162.<\/p>\n<\/div>\n","protected":false},"excerpt":{"rendered":"<p>O governador Ricardo Coutinho (PSB) recentemente fez duras cr\u00edticas ao governo do presidente Michel Temer (MDB), principalmente pelo aumento vertiginoso nos valores dos combust\u00edveis. J\u00e1&hellip; <\/p>\n","protected":false},"author":2,"featured_media":17078,"comment_status":"closed","ping_status":"closed","sticky":false,"template":"","format":"standard","meta":{"sfsi_plus_gutenberg_text_before_share":"","sfsi_plus_gutenberg_show_text_before_share":"","sfsi_plus_gutenberg_icon_type":"","sfsi_plus_gutenberg_icon_alignemt":"","sfsi_plus_gutenburg_max_per_row":"","footnotes":""},"categories":[11],"tags":[],"class_list":["post-53026","post","type-post","status-publish","format-standard","has-post-thumbnail","hentry","category-politica"],"_links":{"self":[{"href":"https:\/\/www.caririemacao.com\/1\/wp-json\/wp\/v2\/posts\/53026","targetHints":{"allow":["GET"]}}],"collection":[{"href":"https:\/\/www.caririemacao.com\/1\/wp-json\/wp\/v2\/posts"}],"about":[{"href":"https:\/\/www.caririemacao.com\/1\/wp-json\/wp\/v2\/types\/post"}],"author":[{"embeddable":true,"href":"https:\/\/www.caririemacao.com\/1\/wp-json\/wp\/v2\/users\/2"}],"replies":[{"embeddable":true,"href":"https:\/\/www.caririemacao.com\/1\/wp-json\/wp\/v2\/comments?post=53026"}],"version-history":[{"count":0,"href":"https:\/\/www.caririemacao.com\/1\/wp-json\/wp\/v2\/posts\/53026\/revisions"}],"wp:featuredmedia":[{"embeddable":true,"href":"https:\/\/www.caririemacao.com\/1\/wp-json\/wp\/v2\/media\/17078"}],"wp:attachment":[{"href":"https:\/\/www.caririemacao.com\/1\/wp-json\/wp\/v2\/media?parent=53026"}],"wp:term":[{"taxonomy":"category","embeddable":true,"href":"https:\/\/www.caririemacao.com\/1\/wp-json\/wp\/v2\/categories?post=53026"},{"taxonomy":"post_tag","embeddable":true,"href":"https:\/\/www.caririemacao.com\/1\/wp-json\/wp\/v2\/tags?post=53026"}],"curies":[{"name":"wp","href":"https:\/\/api.w.org\/{rel}","templated":true}]}}