{"id":53033,"date":"2018-06-02T19:48:19","date_gmt":"2018-06-02T22:48:19","guid":{"rendered":"http:\/\/caririemacao.com\/1\/?p=53033"},"modified":"2018-06-02T19:48:19","modified_gmt":"2018-06-02T22:48:19","slug":"correios-prorroga-inscricoes-em-programa-de-jovem-aprendiz","status":"publish","type":"post","link":"https:\/\/www.caririemacao.com\/1\/2018\/06\/02\/correios-prorroga-inscricoes-em-programa-de-jovem-aprendiz\/","title":{"rendered":"Correios prorroga inscri\u00e7\u00f5es em Programa de Jovem Aprendiz"},"content":{"rendered":"<p>As inscri\u00e7\u00f5es para concorrer a uma das 38 vagas oferecidas no Programa Jovem Aprendiz dos Correios na Para\u00edba foram prorrogadas at\u00e9 o dia 11 de junho. Para concorrer a uma das vagas, o candidato deve ter entre 14 e 22 anos completos, exceto se pessoa com defici\u00eancia, que n\u00e3o tem limite de idade e estar matriculado na escola e cursando, no m\u00ednimo, o 9\u00ba ano do ensino fundamental.<\/p>\n<p>Em todo o pa\u00eds s\u00e3o oferecidas 4.983 vagas mais forma\u00e7\u00e3o de cadastro de reserva. Na Para\u00edba S\u00e3o 30 vagas para o turno da tarde e as outras oito para o turno da manh\u00e3. A maioria das vagas, 29, s\u00e3o para atuar em Jo\u00e3o Pessoa, mas tamb\u00e9m h\u00e1 vagas para Campina Grande, Queimadas, Santa Rita e Bayeux. Os participantes do programa na empresa ter\u00e3o direito ao sal\u00e1rio de R$ 448,46, vale transporte e vale refei\u00e7\u00e3o ou alimenta\u00e7\u00e3o.<\/p>\n<p>O programa promove uma jornada de 20 horas semanais, distribu\u00eddas em quatro horas di\u00e1rias, durante 12 meses de contrato. A jornada concilia a fase te\u00f3rica do curso de Assistente Administrativo, realizado no Senai, e a fase pr\u00e1tica nos Correios.<\/p>\n<p>A sele\u00e7\u00e3o vai ser feita baseada em uma pontua\u00e7\u00e3o que vai considerar requisitos referentes \u00e0 condi\u00e7\u00e3o social dos candidatos, que est\u00e3o detalhados no edital de abertura. As inscri\u00e7\u00f5es s\u00e3o gratuitas e devem ser feitas exclusivamente pela internet,\u00a0no site dos Correios.<\/p>\n<p><strong>CARIRI EM A\u00c7\u00c3O<\/strong><\/p>\n<p>Com Jornal da Para\u00edba Foto: Reprodu\u00e7\u00e3o Internet<\/p>\n<p>Leia mais not\u00edcias em\u00a0<a href=\"http:\/\/www.caririemacao.com\/\">caririemacao.com<\/a>, siga nossa p\u00e1gina no\u00a0<a href=\"https:\/\/www.facebook.com\/CaririEmAcao\/?ref=aymt_homepage_panel\">Facebook<\/a>,\u00a0<a href=\"https:\/\/www.instagram.com\/cariri_em_acao\/?hl=pt-br\">Instagram<\/a>\u00a0e\u00a0<a href=\"https:\/\/www.youtube.com\/channel\/UCAptA0jQuYQy8vMhLt2m4qg\">Youtube<\/a>\u00a0e veja nossas mat\u00e9rias, v\u00eddeos e fotos. Voc\u00ea tamb\u00e9m pode enviar informa\u00e7\u00f5es \u00e0 Reda\u00e7\u00e3o do Portal Cariri em A\u00e7\u00e3o pelo WhatsApp (83) 9 9634.5791, (83) 9 9601-1162.<\/p>\n","protected":false},"excerpt":{"rendered":"<p>As inscri\u00e7\u00f5es para concorrer a uma das 38 vagas oferecidas no Programa Jovem Aprendiz dos Correios na Para\u00edba foram prorrogadas at\u00e9 o dia 11 de&hellip; <\/p>\n","protected":false},"author":2,"featured_media":3385,"comment_status":"closed","ping_status":"closed","sticky":false,"template":"","format":"standard","meta":{"sfsi_plus_gutenberg_text_before_share":"","sfsi_plus_gutenberg_show_text_before_share":"","sfsi_plus_gutenberg_icon_type":"","sfsi_plus_gutenberg_icon_alignemt":"","sfsi_plus_gutenburg_max_per_row":"","footnotes":""},"categories":[2],"tags":[],"class_list":["post-53033","post","type-post","status-publish","format-standard","has-post-thumbnail","hentry","category-geral"],"_links":{"self":[{"href":"https:\/\/www.caririemacao.com\/1\/wp-json\/wp\/v2\/posts\/53033","targetHints":{"allow":["GET"]}}],"collection":[{"href":"https:\/\/www.caririemacao.com\/1\/wp-json\/wp\/v2\/posts"}],"about":[{"href":"https:\/\/www.caririemacao.com\/1\/wp-json\/wp\/v2\/types\/post"}],"author":[{"embeddable":true,"href":"https:\/\/www.caririemacao.com\/1\/wp-json\/wp\/v2\/users\/2"}],"replies":[{"embeddable":true,"href":"https:\/\/www.caririemacao.com\/1\/wp-json\/wp\/v2\/comments?post=53033"}],"version-history":[{"count":0,"href":"https:\/\/www.caririemacao.com\/1\/wp-json\/wp\/v2\/posts\/53033\/revisions"}],"wp:featuredmedia":[{"embeddable":true,"href":"https:\/\/www.caririemacao.com\/1\/wp-json\/wp\/v2\/media\/3385"}],"wp:attachment":[{"href":"https:\/\/www.caririemacao.com\/1\/wp-json\/wp\/v2\/media?parent=53033"}],"wp:term":[{"taxonomy":"category","embeddable":true,"href":"https:\/\/www.caririemacao.com\/1\/wp-json\/wp\/v2\/categories?post=53033"},{"taxonomy":"post_tag","embeddable":true,"href":"https:\/\/www.caririemacao.com\/1\/wp-json\/wp\/v2\/tags?post=53033"}],"curies":[{"name":"wp","href":"https:\/\/api.w.org\/{rel}","templated":true}]}}