{"id":53037,"date":"2018-06-02T19:57:09","date_gmt":"2018-06-02T22:57:09","guid":{"rendered":"http:\/\/caririemacao.com\/1\/?p=53037"},"modified":"2018-06-02T19:57:09","modified_gmt":"2018-06-02T22:57:09","slug":"vasco-se-aproxima-de-acordo-com-chileno-ex-palmeiras-evander-de-saida","status":"publish","type":"post","link":"https:\/\/www.caririemacao.com\/1\/2018\/06\/02\/vasco-se-aproxima-de-acordo-com-chileno-ex-palmeiras-evander-de-saida\/","title":{"rendered":"Vasco se aproxima de acordo com chileno ex-Palmeiras; Evander de sa\u00edda"},"content":{"rendered":"<p>O\u00a0Vasco\u00a0tem sofrido com muitos problemas n\u00e3o s\u00f3 fora, como dentro de campo. Por isso, a diretoria cruzmaltina tem procurado refor\u00e7os mesmo com dificuldade financeira. O alvo mais pr\u00f3ximo de ser anunciado \u00e9 o atacante Francisco Arancibia, que est\u00e1 na Universidad de Chile-CHI.<\/p>\n<p>Arancibia tem 21 anos e tem passagem pelas categorias de base do Palmeiras. O jogador tem sofrido com les\u00f5es e atuou 15 vezes nesta temporada pela equipe chilena, nenhuma delas na Libertadores, pela qual a Universidad de Chile encarou o pr\u00f3prio Vasco, ainda na fase de grupos.<\/p>\n<p>O atacante deve chegar por empr\u00e9stimo at\u00e9 o fim da temporada, sem custos para o Vasco, que arcar\u00e1 somente com seus sal\u00e1rios.<\/p>\n<p>Al\u00e9m de Arancibia, a diretoria do Vasco iniciou negocia\u00e7\u00e3o com o atacante Gilberto, que j\u00e1 passou por S\u00e3o Janu\u00e1rio e estava no futebol turco.<\/p>\n<p><strong>Evander de sa\u00edda<\/strong><\/p>\n<p>Outra poss\u00edvel novidade deve ser a sa\u00edda do meia Evander. Muito criticado pela torcida, o jovem jogador \u00e9 esperado no Atl\u00e9tico-MG. O Vasco emprestar\u00e1 o atleta at\u00e9 o fim de 2019 e vai receber o meia Marquinhos e o volante Lucas C\u00e2ndido.<\/p>\n<p>Evander come\u00e7ou a temporada como titular, mas perdeu a posi\u00e7\u00e3o por conta da irregularidade. Para piorar, foi um dos jogadores que publicou uma foto antes do duelo contra La U, pela Libertadores, que ironizava as vaias dos torcedores.<\/p>\n<p><strong>CARIRI EM A\u00c7\u00c3O<\/strong><\/p>\n<p>Com Gazeta Esportiva Foto:\u00a0Gazeta Esportiva<\/p>\n<p>Leia mais not\u00edcias em\u00a0<a href=\"http:\/\/www.caririemacao.com\/\">caririemacao.com<\/a>, siga nossa p\u00e1gina no\u00a0<a href=\"https:\/\/www.facebook.com\/CaririEmAcao\/?ref=aymt_homepage_panel\">Facebook<\/a>,\u00a0<a href=\"https:\/\/www.instagram.com\/cariri_em_acao\/?hl=pt-br\">Instagram<\/a>\u00a0e\u00a0<a href=\"https:\/\/www.youtube.com\/channel\/UCAptA0jQuYQy8vMhLt2m4qg\">Youtube<\/a>\u00a0e veja nossas mat\u00e9rias, v\u00eddeos e fotos. Voc\u00ea tamb\u00e9m pode enviar informa\u00e7\u00f5es \u00e0 Reda\u00e7\u00e3o do Portal Cariri em A\u00e7\u00e3o pelo WhatsApp (83) 9 9634.5791, (83) 9 9601-1162.<\/p>\n","protected":false},"excerpt":{"rendered":"<p>O\u00a0Vasco\u00a0tem sofrido com muitos problemas n\u00e3o s\u00f3 fora, como dentro de campo. Por isso, a diretoria cruzmaltina tem procurado refor\u00e7os mesmo com dificuldade financeira. O&hellip; <\/p>\n","protected":false},"author":2,"featured_media":53039,"comment_status":"closed","ping_status":"closed","sticky":false,"template":"","format":"standard","meta":{"sfsi_plus_gutenberg_text_before_share":"","sfsi_plus_gutenberg_show_text_before_share":"","sfsi_plus_gutenberg_icon_type":"","sfsi_plus_gutenberg_icon_alignemt":"","sfsi_plus_gutenburg_max_per_row":"","footnotes":""},"categories":[13],"tags":[],"class_list":["post-53037","post","type-post","status-publish","format-standard","has-post-thumbnail","hentry","category-esportes"],"_links":{"self":[{"href":"https:\/\/www.caririemacao.com\/1\/wp-json\/wp\/v2\/posts\/53037","targetHints":{"allow":["GET"]}}],"collection":[{"href":"https:\/\/www.caririemacao.com\/1\/wp-json\/wp\/v2\/posts"}],"about":[{"href":"https:\/\/www.caririemacao.com\/1\/wp-json\/wp\/v2\/types\/post"}],"author":[{"embeddable":true,"href":"https:\/\/www.caririemacao.com\/1\/wp-json\/wp\/v2\/users\/2"}],"replies":[{"embeddable":true,"href":"https:\/\/www.caririemacao.com\/1\/wp-json\/wp\/v2\/comments?post=53037"}],"version-history":[{"count":0,"href":"https:\/\/www.caririemacao.com\/1\/wp-json\/wp\/v2\/posts\/53037\/revisions"}],"wp:featuredmedia":[{"embeddable":true,"href":"https:\/\/www.caririemacao.com\/1\/wp-json\/wp\/v2\/media\/53039"}],"wp:attachment":[{"href":"https:\/\/www.caririemacao.com\/1\/wp-json\/wp\/v2\/media?parent=53037"}],"wp:term":[{"taxonomy":"category","embeddable":true,"href":"https:\/\/www.caririemacao.com\/1\/wp-json\/wp\/v2\/categories?post=53037"},{"taxonomy":"post_tag","embeddable":true,"href":"https:\/\/www.caririemacao.com\/1\/wp-json\/wp\/v2\/tags?post=53037"}],"curies":[{"name":"wp","href":"https:\/\/api.w.org\/{rel}","templated":true}]}}