{"id":53038,"date":"2018-06-02T19:57:30","date_gmt":"2018-06-02T22:57:30","guid":{"rendered":"http:\/\/caririemacao.com\/1\/?p=53038"},"modified":"2018-06-02T19:57:30","modified_gmt":"2018-06-02T22:57:30","slug":"moreira-franco-afirma-que-mudanca-na-petrobras-nao-altera-politica-de-precos","status":"publish","type":"post","link":"https:\/\/www.caririemacao.com\/1\/2018\/06\/02\/moreira-franco-afirma-que-mudanca-na-petrobras-nao-altera-politica-de-precos\/","title":{"rendered":"Moreira Franco afirma que mudan\u00e7a na Petrobras n\u00e3o altera pol\u00edtica de pre\u00e7os"},"content":{"rendered":"<p class=\" \">O ministro de Minas e Energia,\u00a0Moreira Franco\u00a0, afirmou neste s\u00e1bado\u00a0(2), em sua p\u00e1gina oficial no Twitter, que a troca de comando na presid\u00eancia da Petrobras n\u00e3o alterou a pol\u00edtica pre\u00e7os da empresa. Segundo o ministro, a estatal continua com\u00a0liberdade total para aplicar sua pol\u00edtica de pre\u00e7os dos\u00a0combust\u00edveis\u00a0,\u00a0que, atualmente, segue os pre\u00e7os internacionais do barril de petr\u00f3leo.<\/p>\n<p>\u201cMas isso n\u00e3o \u00e9 incompat\u00edvel com a busca de a\u00e7\u00f5es que mitiguem os impactos de flutua\u00e7\u00e3o de pre\u00e7os\u201d, diz ainda Franco no tu\u00edte que termina com a hashtag \u201cAqui Tem Governo Trabalhando\u201d. \u201cPorque governo tem que governar. E \u00e9 isso o que vamos fazer: proteger as pessoas e atividades econ\u00f4micas das flutua\u00e7\u00f5es internacionais dos pre\u00e7os dos combust\u00edveis\u201d, completa o ministro, que usou outra hashtag neste segundo post para dizer que \u201ca\u00a0Petrobras\u00a0mais forte veio para ficar\u201d.<\/p>\n<p>Pedro Parente pediu demiss\u00e3o ap\u00f3s greve dos caminhoneiros<\/p>\n<p>O afirma\u00e7\u00e3o de Moreira Franco foi dada um dia ap\u00f3s Pedro Parente,\u00a0at\u00e9 ent\u00e3o presidente da estatal, pedir demiss\u00e3o do cargo\u00a0. A decis\u00e3o ocorreu ap\u00f3s 11 dias de greve dos caminhoneiros, que tinha entre as principais pautas a mudan\u00e7a na pol\u00edtica de pre\u00e7os dos combust\u00edveis que a empresa\u00a0implementou durante a gest\u00e3o de Parente e conseguiu parar\u00a0o pa\u00eds durante mais de uma semana com apoio de muitos\u00a0brasileiros.<\/p>\n<p>J\u00e1 no in\u00edcio da noite de sexta-feira (1), o\u00a0presidente\u00a0Michel Temer anunciou o nome de Ivan Monteiro como novo presidente da estatal\u00a0. \u201cComunico que o escolhido hoje como interino, Ivan Monteiro, ser\u00e1 recomendado ao Conselho de Administra\u00e7\u00e3o para ser efetivado na presid\u00eancia da Petrobras \u201d<\/p>\n<p>Em r\u00e1pido pronunciamento, o presidente tamb\u00e9m reafirmou o apoio \u00e0 pol\u00edtica de pre\u00e7os praticada pela\u00a0Petrobras\u00a0. \u201cReafirmo que meu governo mant\u00e9m o compromisso com a recupera\u00e7\u00e3o e a sa\u00fade financeira da companhia. Continuaremos com a pol\u00edtica econ\u00f4mica que nesses dois anos tirou a empresa do preju\u00edzo e a trouxe para o rol das mais respeitadas do Brasil e do exterior.\u00a0Declaro tamb\u00e9m que n\u00e3o haver\u00e1 qualquer interfer\u00eancia na pol\u00edtica de pre\u00e7os na companhia.\u201d<\/p>\n<p><strong>CARIRI EM A\u00c7\u00c3O<\/strong><\/p>\n<p>Com \u00daltimo Segundo \/Foto: Reprodu\u00e7\u00e3o Internet<\/p>\n<p>Leia mais not\u00edcias em\u00a0<a href=\"http:\/\/www.caririemacao.com\/\">caririemacao.com<\/a>, siga nossa p\u00e1gina no\u00a0<a href=\"https:\/\/www.facebook.com\/CaririEmAcao\/?ref=aymt_homepage_panel\">Facebook<\/a>,\u00a0<a href=\"https:\/\/www.instagram.com\/cariri_em_acao\/?hl=pt-br\">Instagram<\/a>\u00a0e <a href=\"https:\/\/www.youtube.com\/channel\/UCAptA0jQuYQy8vMhLt2m4qg\">Youtube<\/a>\u00a0e veja nossas mat\u00e9rias, v\u00eddeos e fotos. Voc\u00ea tamb\u00e9m pode enviar informa\u00e7\u00f5es \u00e0 Reda\u00e7\u00e3o do Portal Cariri em A\u00e7\u00e3o pelo WhatsApp (83) 9 9634.5791, (83) 9 9601-1162.<\/p>\n","protected":false},"excerpt":{"rendered":"<p>O ministro de Minas e Energia,\u00a0Moreira Franco\u00a0, afirmou neste s\u00e1bado\u00a0(2), em sua p\u00e1gina oficial no Twitter, que a troca de comando na presid\u00eancia da Petrobras&hellip; <\/p>\n","protected":false},"author":2,"featured_media":53040,"comment_status":"closed","ping_status":"closed","sticky":false,"template":"","format":"standard","meta":{"sfsi_plus_gutenberg_text_before_share":"","sfsi_plus_gutenberg_show_text_before_share":"","sfsi_plus_gutenberg_icon_type":"","sfsi_plus_gutenberg_icon_alignemt":"","sfsi_plus_gutenburg_max_per_row":"","footnotes":""},"categories":[2],"tags":[],"class_list":["post-53038","post","type-post","status-publish","format-standard","has-post-thumbnail","hentry","category-geral"],"_links":{"self":[{"href":"https:\/\/www.caririemacao.com\/1\/wp-json\/wp\/v2\/posts\/53038","targetHints":{"allow":["GET"]}}],"collection":[{"href":"https:\/\/www.caririemacao.com\/1\/wp-json\/wp\/v2\/posts"}],"about":[{"href":"https:\/\/www.caririemacao.com\/1\/wp-json\/wp\/v2\/types\/post"}],"author":[{"embeddable":true,"href":"https:\/\/www.caririemacao.com\/1\/wp-json\/wp\/v2\/users\/2"}],"replies":[{"embeddable":true,"href":"https:\/\/www.caririemacao.com\/1\/wp-json\/wp\/v2\/comments?post=53038"}],"version-history":[{"count":0,"href":"https:\/\/www.caririemacao.com\/1\/wp-json\/wp\/v2\/posts\/53038\/revisions"}],"wp:featuredmedia":[{"embeddable":true,"href":"https:\/\/www.caririemacao.com\/1\/wp-json\/wp\/v2\/media\/53040"}],"wp:attachment":[{"href":"https:\/\/www.caririemacao.com\/1\/wp-json\/wp\/v2\/media?parent=53038"}],"wp:term":[{"taxonomy":"category","embeddable":true,"href":"https:\/\/www.caririemacao.com\/1\/wp-json\/wp\/v2\/categories?post=53038"},{"taxonomy":"post_tag","embeddable":true,"href":"https:\/\/www.caririemacao.com\/1\/wp-json\/wp\/v2\/tags?post=53038"}],"curies":[{"name":"wp","href":"https:\/\/api.w.org\/{rel}","templated":true}]}}