{"id":53043,"date":"2018-06-02T20:00:57","date_gmt":"2018-06-02T23:00:57","guid":{"rendered":"http:\/\/caririemacao.com\/1\/?p=53043"},"modified":"2018-06-02T20:00:57","modified_gmt":"2018-06-02T23:00:57","slug":"tite-garante-neymar-no-banco-contra-a-croacia-entra-no-intervalo","status":"publish","type":"post","link":"https:\/\/www.caririemacao.com\/1\/2018\/06\/02\/tite-garante-neymar-no-banco-contra-a-croacia-entra-no-intervalo\/","title":{"rendered":"Tite garante Neymar no banco contra a Cro\u00e1cia: &#8216;Entra no intervalo&#8217;"},"content":{"rendered":"<p>Neymar n\u00e3o come\u00e7ar\u00e1 como titular no amistoso diante da Cro\u00e1cia. Em entrevista coletiva realizada neste s\u00e1bado, Tite afirmou que o camisa 10 ainda est\u00e1 em um processo de recupera\u00e7\u00e3o e disse acreditar que a equipe tem outros jogadores capazes de assumir o protagonismo.<\/p>\n<p>&#8211; Ele vai ficar no banco porque est\u00e1 num processo de recupera\u00e7\u00e3o e vai entrar no segundo tempo porque \u00e9 um jogo de prepara\u00e7\u00e3o de toda a equipe. No intervalo ele vai entrar. Quem vai sair eu n\u00e3o sei. Ele tem que ser sim o protagonista, mas os outros t\u00eam que ser protagonistas &#8211; declarou.<\/p>\n<p>O treinador tamb\u00e9m falou sobre a dif\u00edcil decis\u00e3o de quem formar\u00e1 a dupla de zaga titular do Brasil na Copa do Mundo ao lado de Miranda, que, segundo ele, sai \u00e0 frente por conta da sequ\u00eancia.<\/p>\n<p>&#8211; Se voc\u00ea pegar a minutagem de cada um, tem em torno de 1200 para o Miranda, Marquinho 1100, Thiago uns 800. No \u00faltimo momento, todos em alt\u00edssimo n\u00edvel. Marquinhos machucou, entrou o Thiago e jogou muito. \u00c0s vezes d\u00f3i o cora\u00e7\u00e3o e o cara tem que decidir. Qualquer um dos tr\u00eas escalado seria justo, e qualquer um fora, menos o Miranda, que tem a sequ\u00eancia. S\u00e3o aquelas decis\u00f5es que para escolher em favor de algu\u00e9m tem que preterir o outro.<\/p>\n<p>Sobre a disputa no setor ofensivo, Tite exaltou a temporada de Roberto Firmino e garantiu que a disputa entre ele e Gabriel Jesus segue aberta.<\/p>\n<p>&#8211; H\u00e1 uma competi\u00e7\u00e3o e o Gabriel est\u00e1 arrebentando. Mas ele (Firmino) est\u00e1 botando press\u00e3o. Eu assisti ao \u00faltimo jogo (contra Roma) e assisti ao jogo inteiro de p\u00e9. Ele est\u00e1 botando press\u00e3o. A qualquer momento pode entrar. Menos pelo lado, porque entendo que ele como central \u00e9 melhor.<\/p>\n<p><strong>Confira outros trechos da entrevista:<\/strong><\/p>\n<p><strong>Treinos fechados<\/strong><\/p>\n<p>&#8211; A decis\u00e3o \u00e9 minha. Tenho respeito muito grande ao trabalho de voc\u00eas (jornalistas) , sei que se municiam de informa\u00e7\u00f5es e tentamos um ponto de equil\u00edbrio para ter privacidade na hora de fazer uma substitui\u00e7\u00e3o e dar uma dura. Eu n\u00e3o t\u00f4 sempre bem humorado. N\u00e3o estou todo dia assim. Fazer um trabalho e errar, errar, errar. Daqui a pouco, tem um problema com o Neymar. Imagina como isso iria ecoar. Tem que equalizar o trabalho e a privacidade.<\/p>\n<p><strong>Disputa no meio-campo<\/strong><\/p>\n<p>&#8211; Eu tenho pautado o equil\u00edbrio. O Fernandinho remete \u00e0 uma caracter\u00edstica do Atl\u00e9tico-PR e adaptada ao City, o articulador, o passador do lado esquerdo com liberdade de Marcelo e do atacante que estiver do lado esquerdo. Quando tiver o Renato, ele \u00e9 um pouco mais armador e articulador nesse aspecto.<\/p>\n<p><strong>Sobre a aus\u00eancia de Renato Augusto<\/strong><\/p>\n<p>&#8211; Renato baixou por alguns aspectos. Na China, no per\u00edodo de f\u00e9rias, conversei com ele. O n\u00edvel de treinamento baixou, alguns problemas de pancada. Ele caiu, Fernandinho em alto n\u00edvel, por vezes Coutinho do lado, s\u00f3 avi\u00e3o. Passei um v\u00eddeo a ele. Qual \u00e9 nosso objetivo? Retomar o &#8216;padr\u00e3o Renato&#8217;. O dia a dia vai te dar. Nas f\u00e9rias, ficou trabalhando e est\u00e1 no ritmo retomando processo normal. Foi precau\u00e7\u00e3o, n\u00e3o poderia expor ele num jogo amistoso.<\/p>\n<p><strong>Rod\u00edzio de capit\u00e3es<\/strong><\/p>\n<p>&#8211; Daniel era o capit\u00e3o. Fica aqui minha mensagem, meu respeito. Contra Alemanha e Inglaterra foi importante. Vai continuar o rod\u00edzio. Mas atletas que j\u00e1 estejam calejados, com maior experi\u00eancia, v\u00e3o ser os mais utilizados.<\/p>\n<p><strong>Declara\u00e7\u00e3o pol\u00eamica de Diego<\/strong><\/p>\n<p>&#8211; Tenho uma s\u00e9rie de responsabilidades importantes e quero ficar focado no meu trabalho da sele\u00e7\u00e3o.<\/p>\n<p><strong>CARIRI EM A\u00c7\u00c3O<\/strong><\/p>\n<p>Com Lance Foto: Reprodu\u00e7\u00e3o Internet<\/p>\n<p>Leia mais not\u00edcias em\u00a0<a href=\"http:\/\/www.caririemacao.com\/\">caririemacao.com<\/a>, siga nossa p\u00e1gina no\u00a0<a href=\"https:\/\/www.facebook.com\/CaririEmAcao\/?ref=aymt_homepage_panel\">Facebook<\/a>,\u00a0<a href=\"https:\/\/www.instagram.com\/cariri_em_acao\/?hl=pt-br\">Instagram<\/a>\u00a0e\u00a0<a href=\"https:\/\/www.youtube.com\/channel\/UCAptA0jQuYQy8vMhLt2m4qg\">Youtube<\/a>\u00a0e veja nossas mat\u00e9rias, v\u00eddeos e fotos. Voc\u00ea tamb\u00e9m pode enviar informa\u00e7\u00f5es \u00e0 Reda\u00e7\u00e3o do Portal Cariri em A\u00e7\u00e3o pelo WhatsApp (83) 9 9634.5791, (83) 9 9601-1162.<\/p>\n","protected":false},"excerpt":{"rendered":"<p>Neymar n\u00e3o come\u00e7ar\u00e1 como titular no amistoso diante da Cro\u00e1cia. Em entrevista coletiva realizada neste s\u00e1bado, Tite afirmou que o camisa 10 ainda est\u00e1 em&hellip; <\/p>\n","protected":false},"author":2,"featured_media":53044,"comment_status":"closed","ping_status":"closed","sticky":false,"template":"","format":"standard","meta":{"sfsi_plus_gutenberg_text_before_share":"","sfsi_plus_gutenberg_show_text_before_share":"","sfsi_plus_gutenberg_icon_type":"","sfsi_plus_gutenberg_icon_alignemt":"","sfsi_plus_gutenburg_max_per_row":"","footnotes":""},"categories":[13],"tags":[],"class_list":["post-53043","post","type-post","status-publish","format-standard","has-post-thumbnail","hentry","category-esportes"],"_links":{"self":[{"href":"https:\/\/www.caririemacao.com\/1\/wp-json\/wp\/v2\/posts\/53043","targetHints":{"allow":["GET"]}}],"collection":[{"href":"https:\/\/www.caririemacao.com\/1\/wp-json\/wp\/v2\/posts"}],"about":[{"href":"https:\/\/www.caririemacao.com\/1\/wp-json\/wp\/v2\/types\/post"}],"author":[{"embeddable":true,"href":"https:\/\/www.caririemacao.com\/1\/wp-json\/wp\/v2\/users\/2"}],"replies":[{"embeddable":true,"href":"https:\/\/www.caririemacao.com\/1\/wp-json\/wp\/v2\/comments?post=53043"}],"version-history":[{"count":0,"href":"https:\/\/www.caririemacao.com\/1\/wp-json\/wp\/v2\/posts\/53043\/revisions"}],"wp:featuredmedia":[{"embeddable":true,"href":"https:\/\/www.caririemacao.com\/1\/wp-json\/wp\/v2\/media\/53044"}],"wp:attachment":[{"href":"https:\/\/www.caririemacao.com\/1\/wp-json\/wp\/v2\/media?parent=53043"}],"wp:term":[{"taxonomy":"category","embeddable":true,"href":"https:\/\/www.caririemacao.com\/1\/wp-json\/wp\/v2\/categories?post=53043"},{"taxonomy":"post_tag","embeddable":true,"href":"https:\/\/www.caririemacao.com\/1\/wp-json\/wp\/v2\/tags?post=53043"}],"curies":[{"name":"wp","href":"https:\/\/api.w.org\/{rel}","templated":true}]}}