{"id":53046,"date":"2018-06-02T20:05:40","date_gmt":"2018-06-02T23:05:40","guid":{"rendered":"http:\/\/caririemacao.com\/1\/?p=53046"},"modified":"2018-06-02T20:05:40","modified_gmt":"2018-06-02T23:05:40","slug":"5-habitos-que-danificam-os-fios-e-voce-nem-sabia","status":"publish","type":"post","link":"https:\/\/www.caririemacao.com\/1\/2018\/06\/02\/5-habitos-que-danificam-os-fios-e-voce-nem-sabia\/","title":{"rendered":"5 h\u00e1bitos que danificam os fios e voc\u00ea nem sabia"},"content":{"rendered":"<p>Costumamos ter\u00a0cuidados espec\u00edficos com o nosso cabelo, certo? Mas ser\u00e1 que todos eles s\u00e3o h\u00e1bitos saud\u00e1veis?! Voc\u00ea sabia que alguns desses \u201ccostumes\u201d podem danificar e comprometer a vida dos seus fios? Vem descobrir mais sobre isso!<\/p>\n<h2>Lavar com \u00e1gua quente<\/h2>\n<p>Muita gente costuma lavar os fios com \u00e1gua quente. Por\u00e9m, o que poucos sabem \u00e9 que essa a\u00e7\u00e3o, apesar de parecer comum, pode danificar a fibra, causar frizz e ajudar no ressecamento dos fios. Al\u00e9m, \u00e9 claro, de deixar a escama aberta \u2013 o que ajuda os nutrientes a sa\u00edrem com mais facilidade.<\/p>\n<h2>Prender o cabelo molhado<\/h2>\n<p>Na pressa do dia a dia \u00e9 normal sair correndo e acabar por prender os fios molhados. Mas, essa pr\u00e1tica pode trazer danos aos fios, como quebra e queda do fio. Al\u00e9m disso, a longo prazo, a situa\u00e7\u00e3o pode ainda piorar, ocasionando caspa e descama\u00e7\u00e3o. Portanto, antes de prender as madeixas, opte por secar antes os fios, garantindo maior seguran\u00e7a.<\/p>\n<h2>Esfregar a toalha no cabelo<\/h2>\n<p>Voc\u00ea j\u00e1 deve ter ouvido dizer que esfregar a toalha no cabelo n\u00e3o \u00e9 um h\u00e1bito indicado, isso porque o contato da toalha com os fios, especialmente quando esfregados, causam atritos que podem levar a quebra da cut\u00edcula, al\u00e9m de causar frizz no resultado da finaliza\u00e7\u00e3o, principalmente para quem tem cabelo cacheado. Existem t\u00e9cnicas que podem auxiliar nessa hora, como, por exemplo, o uso de uma toalha ou camiseta de algod\u00e3o, ou, se preferir, seque com papel toalha \u2013 uma das t\u00e9cnicas preferidas das cacheadas e crespas.<\/p>\n<h2>N\u00e3o usar protetor t\u00e9rmico<\/h2>\n<p>Um dos grandes erros de quem \u00e9 adepta ao uso do secador e prancha \u00e9 usar os equipamentos sem antes passar um defrizante termoativado. Afinal, ele serve, principalmente, para proteger os fios do forte calor. Ent\u00e3o, antes de usar os aparelhos, nada de esquecer do defrizante, combinado?!<\/p>\n<h2>Desembara\u00e7ar os fios a seco<\/h2>\n<p>Quem tem cabelo liso pode pentear e desembara\u00e7ar os fios a seco, por\u00e9m, de forma leve. J\u00e1 as donas das madeixas cacheadas precisam prestar mais aten\u00e7\u00e3o nesse movimento, visto que o cabelo cacheado ou crespo, quando penteado a seco, pode ficar menos male\u00e1vel, mais dif\u00edcil de pentear e, assim, causar a quebra. Portanto, o mais indicado \u00e9 pentear o cabelo durante ou depois do banho, com os fios ainda molhados. Al\u00e9m disso, o mais aconselh\u00e1vel \u00e9 usar um pente de madeira, pois ajudam na hora de desembara\u00e7ar. Para pentear, voc\u00ea pode usar uma escova com cerdas e espa\u00e7amento maiores entre si.<\/p>\n<p><strong>CARIRI EM A\u00c7\u00c3O<\/strong><\/p>\n<p>Com\u00a0Salon Line Foto: Reprodu\u00e7\u00e3o Internet<\/p>\n<p>Leia mais not\u00edcias em\u00a0<a href=\"http:\/\/www.caririemacao.com\/\">caririemacao.com<\/a>, siga nossa p\u00e1gina no\u00a0<a href=\"https:\/\/www.facebook.com\/CaririEmAcao\/?ref=aymt_homepage_panel\">Facebook<\/a>,\u00a0<a href=\"https:\/\/www.instagram.com\/cariri_em_acao\/?hl=pt-br\">Instagram<\/a>\u00a0e\u00a0<a href=\"https:\/\/www.youtube.com\/channel\/UCAptA0jQuYQy8vMhLt2m4qg\">Youtube<\/a>\u00a0e veja nossas mat\u00e9rias, v\u00eddeos e fotos. Voc\u00ea tamb\u00e9m pode enviar informa\u00e7\u00f5es \u00e0 Reda\u00e7\u00e3o do Portal Cariri em A\u00e7\u00e3o pelo WhatsApp (83) 9 9634.5791, (83) 9 9601-1162.<\/p>\n","protected":false},"excerpt":{"rendered":"<p>Costumamos ter\u00a0cuidados espec\u00edficos com o nosso cabelo, certo? Mas ser\u00e1 que todos eles s\u00e3o h\u00e1bitos saud\u00e1veis?! Voc\u00ea sabia que alguns desses \u201ccostumes\u201d podem danificar e&hellip; <\/p>\n","protected":false},"author":2,"featured_media":53048,"comment_status":"closed","ping_status":"closed","sticky":false,"template":"","format":"standard","meta":{"sfsi_plus_gutenberg_text_before_share":"","sfsi_plus_gutenberg_show_text_before_share":"","sfsi_plus_gutenberg_icon_type":"","sfsi_plus_gutenberg_icon_alignemt":"","sfsi_plus_gutenburg_max_per_row":"","footnotes":""},"categories":[16],"tags":[],"class_list":["post-53046","post","type-post","status-publish","format-standard","has-post-thumbnail","hentry","category-saude"],"_links":{"self":[{"href":"https:\/\/www.caririemacao.com\/1\/wp-json\/wp\/v2\/posts\/53046","targetHints":{"allow":["GET"]}}],"collection":[{"href":"https:\/\/www.caririemacao.com\/1\/wp-json\/wp\/v2\/posts"}],"about":[{"href":"https:\/\/www.caririemacao.com\/1\/wp-json\/wp\/v2\/types\/post"}],"author":[{"embeddable":true,"href":"https:\/\/www.caririemacao.com\/1\/wp-json\/wp\/v2\/users\/2"}],"replies":[{"embeddable":true,"href":"https:\/\/www.caririemacao.com\/1\/wp-json\/wp\/v2\/comments?post=53046"}],"version-history":[{"count":0,"href":"https:\/\/www.caririemacao.com\/1\/wp-json\/wp\/v2\/posts\/53046\/revisions"}],"wp:featuredmedia":[{"embeddable":true,"href":"https:\/\/www.caririemacao.com\/1\/wp-json\/wp\/v2\/media\/53048"}],"wp:attachment":[{"href":"https:\/\/www.caririemacao.com\/1\/wp-json\/wp\/v2\/media?parent=53046"}],"wp:term":[{"taxonomy":"category","embeddable":true,"href":"https:\/\/www.caririemacao.com\/1\/wp-json\/wp\/v2\/categories?post=53046"},{"taxonomy":"post_tag","embeddable":true,"href":"https:\/\/www.caririemacao.com\/1\/wp-json\/wp\/v2\/tags?post=53046"}],"curies":[{"name":"wp","href":"https:\/\/api.w.org\/{rel}","templated":true}]}}