{"id":53053,"date":"2018-06-02T20:13:17","date_gmt":"2018-06-02T23:13:17","guid":{"rendered":"http:\/\/caririemacao.com\/1\/?p=53053"},"modified":"2018-06-02T20:13:17","modified_gmt":"2018-06-02T23:13:17","slug":"homem-e-assassinado-a-facadas-pelo-irmao","status":"publish","type":"post","link":"https:\/\/www.caririemacao.com\/1\/2018\/06\/02\/homem-e-assassinado-a-facadas-pelo-irmao\/","title":{"rendered":"Homem \u00e9 assassinado a facadas pelo irm\u00e3o"},"content":{"rendered":"<p>Um homem foi assassinado a golpes de faca pelo pr\u00f3prio irm\u00e3o, na noite desta sexta-feira (1), na cidade de Vieir\u00f3polis, no Sert\u00e3o Paraibano.<\/p>\n<p>Geraldo \u00c2ngelo de Ara\u00fajo, de 39 anos, foi ferido no abd\u00f4men por Jo\u00e3o Ant\u00f4nio de Sousa durante uma briga entre os irm\u00e3os.<\/p>\n<p>A v\u00edtima foi socorrida por uma equipe do SAMU para o Hospital Regional de Sousa, mas n\u00e3o resistiu ao ferimento e veio a \u00f3bito.<\/p>\n<p>A Pol\u00edcia Militar foi acionada para prestar apoio ao SAMU e realizar dilig\u00eancias na tentativa de prender o acusado que n\u00e3o foi encontrado.<\/p>\n<p>O corpo encaminhado para o NUMOL de Patos para realiza\u00e7\u00e3o do exame cadav\u00e9rico. O caso est\u00e1 sendo investigado pela Delegacia de Homic\u00eddios e Entorpecentes de Sousa.<\/p>\n<p><strong>CARIRI EM A\u00c7\u00c3O<\/strong><\/p>\n<p>Com Mais PB\/Foto: Reprodu\u00e7\u00e3o Internet<\/p>\n<p>Leia mais not\u00edcias em\u00a0<a href=\"http:\/\/www.caririemacao.com\/\">caririemacao.com<\/a>, siga nossa p\u00e1gina no\u00a0<a href=\"https:\/\/www.facebook.com\/CaririEmAcao\/?ref=aymt_homepage_panel\">Facebook<\/a>,\u00a0<a href=\"https:\/\/www.instagram.com\/cariri_em_acao\/?hl=pt-br\">Instagram<\/a>\u00a0e\u00a0<a href=\"https:\/\/www.youtube.com\/channel\/UCAptA0jQuYQy8vMhLt2m4qg\">Youtube<\/a>\u00a0e veja nossas mat\u00e9rias, v\u00eddeos e fotos. Voc\u00ea tamb\u00e9m pode enviar informa\u00e7\u00f5es \u00e0 Reda\u00e7\u00e3o do Portal Cariri em A\u00e7\u00e3o pelo WhatsApp (83) 9 9634.5791, (83) 9 9601-1162.<\/p>\n","protected":false},"excerpt":{"rendered":"<p>Um homem foi assassinado a golpes de faca pelo pr\u00f3prio irm\u00e3o, na noite desta sexta-feira (1), na cidade de Vieir\u00f3polis, no Sert\u00e3o Paraibano. Geraldo \u00c2ngelo&hellip; <\/p>\n","protected":false},"author":2,"featured_media":39138,"comment_status":"closed","ping_status":"closed","sticky":false,"template":"","format":"standard","meta":{"sfsi_plus_gutenberg_text_before_share":"","sfsi_plus_gutenberg_show_text_before_share":"","sfsi_plus_gutenberg_icon_type":"","sfsi_plus_gutenberg_icon_alignemt":"","sfsi_plus_gutenburg_max_per_row":"","footnotes":""},"categories":[12],"tags":[],"class_list":["post-53053","post","type-post","status-publish","format-standard","has-post-thumbnail","hentry","category-policia"],"_links":{"self":[{"href":"https:\/\/www.caririemacao.com\/1\/wp-json\/wp\/v2\/posts\/53053","targetHints":{"allow":["GET"]}}],"collection":[{"href":"https:\/\/www.caririemacao.com\/1\/wp-json\/wp\/v2\/posts"}],"about":[{"href":"https:\/\/www.caririemacao.com\/1\/wp-json\/wp\/v2\/types\/post"}],"author":[{"embeddable":true,"href":"https:\/\/www.caririemacao.com\/1\/wp-json\/wp\/v2\/users\/2"}],"replies":[{"embeddable":true,"href":"https:\/\/www.caririemacao.com\/1\/wp-json\/wp\/v2\/comments?post=53053"}],"version-history":[{"count":0,"href":"https:\/\/www.caririemacao.com\/1\/wp-json\/wp\/v2\/posts\/53053\/revisions"}],"wp:featuredmedia":[{"embeddable":true,"href":"https:\/\/www.caririemacao.com\/1\/wp-json\/wp\/v2\/media\/39138"}],"wp:attachment":[{"href":"https:\/\/www.caririemacao.com\/1\/wp-json\/wp\/v2\/media?parent=53053"}],"wp:term":[{"taxonomy":"category","embeddable":true,"href":"https:\/\/www.caririemacao.com\/1\/wp-json\/wp\/v2\/categories?post=53053"},{"taxonomy":"post_tag","embeddable":true,"href":"https:\/\/www.caririemacao.com\/1\/wp-json\/wp\/v2\/tags?post=53053"}],"curies":[{"name":"wp","href":"https:\/\/api.w.org\/{rel}","templated":true}]}}