{"id":53056,"date":"2018-06-02T20:28:07","date_gmt":"2018-06-02T23:28:07","guid":{"rendered":"http:\/\/caririemacao.com\/1\/?p=53056"},"modified":"2018-06-02T20:28:07","modified_gmt":"2018-06-02T23:28:07","slug":"sume-agricultores-do-assentamento-mandacaru-recebem-titulo-da-terra","status":"publish","type":"post","link":"https:\/\/www.caririemacao.com\/1\/2018\/06\/02\/sume-agricultores-do-assentamento-mandacaru-recebem-titulo-da-terra\/","title":{"rendered":"SUM\u00c9: Agricultores do Assentamento Mandacaru recebem t\u00edtulo da terra"},"content":{"rendered":"<div>O Assessor Especial do Minist\u00e9rio do Desenvolvimento Social \u2013 MDS, Elias Freire, acompanhado do Superintendente do INCRA na PB, Rinaldo Maranh\u00e3o, al\u00e9m de t\u00e9cnicos do \u00f3rg\u00e3o e das lideran\u00e7as comunit\u00e1rias do Assentamento Mandacaru, localizado na zona rural de Sum\u00e9,\u00a0realizaram neste s\u00e1bado (02) a entrega dos t\u00edtulos de terra para os assentados.<\/div>\n<div><\/div>\n<div>Al\u00e9m do documento que garante o t\u00edtulo da terra, os assentados foram contemplados com ,aproximadamente, meio milh\u00e3o de reais, que ser\u00e3o investidos no financiamento de projetos de arranjos produtivos locais que possam garantir a perman\u00eancia na propriedade, com gera\u00e7\u00e3o de trabalho e renda para o pequeno produtor rural.<\/div>\n<div>Rinaldo Maranh\u00e3o afirmou que \u201cDeus tem nos aben\u00e7oado muito nessa caminhada, a frente da gest\u00e3o do INCRA n\u00f3s estamos levando dignidade e desenvolvimento para a zona Rural da Para\u00edba, hoje (02\/06), dezenas de fam\u00edlias receberam a documenta\u00e7\u00e3o e ainda foram contempladas com quase meio milh\u00e3o de reais em financiamento. N\u00f3s acreditamos que a verdadeira Reforma Agr\u00e1ria envolve principalmente a aquisi\u00e7\u00e3o da terra, mas n\u00e3o pode avan\u00e7ar sem investimento em \u00e1gua e subs\u00eddios para a produ\u00e7\u00e3o.<\/div>\n<div>\n<p><strong>CARIRI EM A\u00c7\u00c3O<\/strong><\/p>\n<p>Com Agora Pb\/Foto: Agora Pb<\/p>\n<p>Leia mais not\u00edcias em\u00a0<a href=\"http:\/\/www.caririemacao.com\/\">caririemacao.com<\/a>, siga nossa p\u00e1gina no\u00a0<a href=\"https:\/\/www.facebook.com\/CaririEmAcao\/?ref=aymt_homepage_panel\">Facebook<\/a>,\u00a0<a href=\"https:\/\/www.instagram.com\/cariri_em_acao\/?hl=pt-br\">Instagram<\/a>\u00a0e\u00a0<a href=\"https:\/\/www.youtube.com\/channel\/UCAptA0jQuYQy8vMhLt2m4qg\">Youtube<\/a>\u00a0e veja nossas mat\u00e9rias, v\u00eddeos e fotos. Voc\u00ea tamb\u00e9m pode enviar informa\u00e7\u00f5es \u00e0 Reda\u00e7\u00e3o do Portal Cariri em A\u00e7\u00e3o pelo WhatsApp (83) 9 9634.5791, (83) 9 9601-1162.<\/p>\n<\/div>\n<div class=\"post_share_center\"><\/div>\n","protected":false},"excerpt":{"rendered":"<p>O Assessor Especial do Minist\u00e9rio do Desenvolvimento Social \u2013 MDS, Elias Freire, acompanhado do Superintendente do INCRA na PB, Rinaldo Maranh\u00e3o, al\u00e9m de t\u00e9cnicos do&hellip; <\/p>\n","protected":false},"author":2,"featured_media":53057,"comment_status":"closed","ping_status":"closed","sticky":false,"template":"","format":"standard","meta":{"sfsi_plus_gutenberg_text_before_share":"","sfsi_plus_gutenberg_show_text_before_share":"","sfsi_plus_gutenberg_icon_type":"","sfsi_plus_gutenberg_icon_alignemt":"","sfsi_plus_gutenburg_max_per_row":"","footnotes":""},"categories":[6],"tags":[],"class_list":["post-53056","post","type-post","status-publish","format-standard","has-post-thumbnail","hentry","category-cidades"],"_links":{"self":[{"href":"https:\/\/www.caririemacao.com\/1\/wp-json\/wp\/v2\/posts\/53056","targetHints":{"allow":["GET"]}}],"collection":[{"href":"https:\/\/www.caririemacao.com\/1\/wp-json\/wp\/v2\/posts"}],"about":[{"href":"https:\/\/www.caririemacao.com\/1\/wp-json\/wp\/v2\/types\/post"}],"author":[{"embeddable":true,"href":"https:\/\/www.caririemacao.com\/1\/wp-json\/wp\/v2\/users\/2"}],"replies":[{"embeddable":true,"href":"https:\/\/www.caririemacao.com\/1\/wp-json\/wp\/v2\/comments?post=53056"}],"version-history":[{"count":0,"href":"https:\/\/www.caririemacao.com\/1\/wp-json\/wp\/v2\/posts\/53056\/revisions"}],"wp:featuredmedia":[{"embeddable":true,"href":"https:\/\/www.caririemacao.com\/1\/wp-json\/wp\/v2\/media\/53057"}],"wp:attachment":[{"href":"https:\/\/www.caririemacao.com\/1\/wp-json\/wp\/v2\/media?parent=53056"}],"wp:term":[{"taxonomy":"category","embeddable":true,"href":"https:\/\/www.caririemacao.com\/1\/wp-json\/wp\/v2\/categories?post=53056"},{"taxonomy":"post_tag","embeddable":true,"href":"https:\/\/www.caririemacao.com\/1\/wp-json\/wp\/v2\/tags?post=53056"}],"curies":[{"name":"wp","href":"https:\/\/api.w.org\/{rel}","templated":true}]}}