{"id":53059,"date":"2018-06-02T20:32:59","date_gmt":"2018-06-02T23:32:59","guid":{"rendered":"http:\/\/caririemacao.com\/1\/?p=53059"},"modified":"2018-06-02T20:32:59","modified_gmt":"2018-06-02T23:32:59","slug":"municipios-da-paraiba-terao-queda-de-r-500-milhoes-na-receita-de-junho","status":"publish","type":"post","link":"https:\/\/www.caririemacao.com\/1\/2018\/06\/02\/municipios-da-paraiba-terao-queda-de-r-500-milhoes-na-receita-de-junho\/","title":{"rendered":"Munic\u00edpios da Para\u00edba ter\u00e3o queda de R$ 500 milh\u00f5es na receita de junho"},"content":{"rendered":"<p>Os munic\u00edpios paraibanos v\u00e3o receber em torno de R$ 500 milh\u00f5es a menos de Fundo de Participa\u00e7\u00e3o dos Munic\u00edpios (FPM) no m\u00eas de junho. A queda prevista \u00e9 de 20%, segundo informou a Federa\u00e7\u00e3o das Associa\u00e7\u00f5es dos Munic\u00edpios da Para\u00edba (Famup). J\u00e1 no m\u00eas de julho, a previs\u00e3o \u00e9 de nova queda, na ordem de 19%.<\/p>\n<p>\u201cOs gestores dos munic\u00edpios da Para\u00edba ter\u00e3o quer ter prud\u00eancia no m\u00eas junino, porque ter\u00e3o uma receita menor\u201d, disse o secret\u00e1rio-executivo da Famup, Pedro Dantas, ao Portal ClickPB.<\/p>\n<p>\u201cEsse dado ainda \u00e9 mais alarmante por se tratar dos mesmos n\u00fameros de junho de 2017. Teve reajuste de professores e de sal\u00e1rio m\u00ednimo, mas os gestores t\u00eam o mesmo dinheiro do ano anterior\u201d, acrescentou.<\/p>\n<p>O m\u00eas de maio foi positivo, em torno de 20,1%, por causa do imposto de renda, que comp\u00f5e o FPM junto com o IPI (Imposto sobre Produtos Industrializados).<\/p>\n<p><strong>CARIRI EM A\u00c7\u00c3O<\/strong><\/p>\n<p>Com Clik PB Foto: Reprodu\u00e7\u00e3o Internet<\/p>\n<p>Leia mais not\u00edcias em\u00a0<a href=\"http:\/\/www.caririemacao.com\/\">caririemacao.com<\/a>, siga nossa p\u00e1gina no\u00a0<a href=\"https:\/\/www.facebook.com\/CaririEmAcao\/?ref=aymt_homepage_panel\">Facebook<\/a>,\u00a0<a href=\"https:\/\/www.instagram.com\/cariri_em_acao\/?hl=pt-br\">Instagram<\/a>\u00a0e\u00a0<a href=\"https:\/\/www.youtube.com\/channel\/UCAptA0jQuYQy8vMhLt2m4qg\">Youtube<\/a>\u00a0e veja nossas mat\u00e9rias, v\u00eddeos e fotos. Voc\u00ea tamb\u00e9m pode enviar informa\u00e7\u00f5es \u00e0 Reda\u00e7\u00e3o do Portal Cariri em A\u00e7\u00e3o pelo WhatsApp (83) 9 9634.5791, (83) 9 9601-1162.<\/p>\n","protected":false},"excerpt":{"rendered":"<p>Os munic\u00edpios paraibanos v\u00e3o receber em torno de R$ 500 milh\u00f5es a menos de Fundo de Participa\u00e7\u00e3o dos Munic\u00edpios (FPM) no m\u00eas de junho. A&hellip; <\/p>\n","protected":false},"author":2,"featured_media":47421,"comment_status":"closed","ping_status":"closed","sticky":false,"template":"","format":"standard","meta":{"sfsi_plus_gutenberg_text_before_share":"","sfsi_plus_gutenberg_show_text_before_share":"","sfsi_plus_gutenberg_icon_type":"","sfsi_plus_gutenberg_icon_alignemt":"","sfsi_plus_gutenburg_max_per_row":"","footnotes":""},"categories":[6],"tags":[],"class_list":["post-53059","post","type-post","status-publish","format-standard","has-post-thumbnail","hentry","category-cidades"],"_links":{"self":[{"href":"https:\/\/www.caririemacao.com\/1\/wp-json\/wp\/v2\/posts\/53059","targetHints":{"allow":["GET"]}}],"collection":[{"href":"https:\/\/www.caririemacao.com\/1\/wp-json\/wp\/v2\/posts"}],"about":[{"href":"https:\/\/www.caririemacao.com\/1\/wp-json\/wp\/v2\/types\/post"}],"author":[{"embeddable":true,"href":"https:\/\/www.caririemacao.com\/1\/wp-json\/wp\/v2\/users\/2"}],"replies":[{"embeddable":true,"href":"https:\/\/www.caririemacao.com\/1\/wp-json\/wp\/v2\/comments?post=53059"}],"version-history":[{"count":0,"href":"https:\/\/www.caririemacao.com\/1\/wp-json\/wp\/v2\/posts\/53059\/revisions"}],"wp:featuredmedia":[{"embeddable":true,"href":"https:\/\/www.caririemacao.com\/1\/wp-json\/wp\/v2\/media\/47421"}],"wp:attachment":[{"href":"https:\/\/www.caririemacao.com\/1\/wp-json\/wp\/v2\/media?parent=53059"}],"wp:term":[{"taxonomy":"category","embeddable":true,"href":"https:\/\/www.caririemacao.com\/1\/wp-json\/wp\/v2\/categories?post=53059"},{"taxonomy":"post_tag","embeddable":true,"href":"https:\/\/www.caririemacao.com\/1\/wp-json\/wp\/v2\/tags?post=53059"}],"curies":[{"name":"wp","href":"https:\/\/api.w.org\/{rel}","templated":true}]}}