{"id":53070,"date":"2018-06-02T21:23:51","date_gmt":"2018-06-03T00:23:51","guid":{"rendered":"http:\/\/caririemacao.com\/1\/?p=53070"},"modified":"2018-06-02T21:26:59","modified_gmt":"2018-06-03T00:26:59","slug":"camara-de-sao-joao-do-cariri-aprova-varios-projetos-entre-eles-o-que-disciplina-doacao-de-terrenos","status":"publish","type":"post","link":"https:\/\/www.caririemacao.com\/1\/2018\/06\/02\/camara-de-sao-joao-do-cariri-aprova-varios-projetos-entre-eles-o-que-disciplina-doacao-de-terrenos\/","title":{"rendered":"C\u00e2mara de S\u00e3o Jo\u00e3o do Cariri aprova v\u00e1rios projetos, entre eles, o que disciplina doa\u00e7\u00e3o de terrenos"},"content":{"rendered":"<p>A C\u00e2mara Municipal de S\u00e3o Jo\u00e3o do Cariri se reuniu nesta sexta-feira (01) para discutir uma s\u00e9rie de requerimentos, que depois de debatidos, foram aprovados pelo parlamento, presidido pelo vereador H\u00e9lio Moraes.<\/p>\n<p>Durante os trabalhos, apenas o vereador D\u00e3o esteve ausente. O mesmo justificou sua falta junto \u00e0 mesa diretora da casa.<\/p>\n<p><strong>Confira o que foi aprovado:<\/strong><\/p>\n<p><a href=\"http:\/\/caririemacao.com\/1\/wp-content\/uploads\/2018\/06\/IMG_1546.jpg\"><img fetchpriority=\"high\" decoding=\"async\" class=\"wp-image-53064 size-full aligncenter\" src=\"http:\/\/caririemacao.com\/1\/wp-content\/uploads\/2018\/06\/IMG_1546.jpg\" alt=\"\" width=\"800\" height=\"533\" srcset=\"https:\/\/www.caririemacao.com\/1\/wp-content\/uploads\/2018\/06\/IMG_1546.jpg 800w, https:\/\/www.caririemacao.com\/1\/wp-content\/uploads\/2018\/06\/IMG_1546-300x200.jpg 300w, https:\/\/www.caririemacao.com\/1\/wp-content\/uploads\/2018\/06\/IMG_1546-768x512.jpg 768w\" sizes=\"(max-width: 800px) 100vw, 800px\" \/><\/a><\/p>\n<p>O vereador <strong>George Aquino<\/strong> solicitou da Secretaria de Desenvolvimento Agropecu\u00e1rio do Estado da Para\u00edba, a distribui\u00e7\u00e3o de alevinos com o objetivo de repovoar os a\u00e7udes do munic\u00edpio de S\u00e3o Jo\u00e3o do Cariri.<\/p>\n<p>O parlamentar tamb\u00e9m apresentou voto de pesar pelo falecimento do deputado federal, R\u00f4mulo Gouveia, ocorrido no \u00faltimo dia 13 de maio, na cidade de Campina Grande.<\/p>\n<p><a href=\"http:\/\/caririemacao.com\/1\/wp-content\/uploads\/2018\/06\/IMG_1555.jpg\"><img decoding=\"async\" class=\"wp-image-53065 size-full aligncenter lazyload\" data-src=\"http:\/\/caririemacao.com\/1\/wp-content\/uploads\/2018\/06\/IMG_1555.jpg\" alt=\"\" width=\"800\" height=\"533\" data-srcset=\"https:\/\/www.caririemacao.com\/1\/wp-content\/uploads\/2018\/06\/IMG_1555.jpg 800w, https:\/\/www.caririemacao.com\/1\/wp-content\/uploads\/2018\/06\/IMG_1555-300x200.jpg 300w, https:\/\/www.caririemacao.com\/1\/wp-content\/uploads\/2018\/06\/IMG_1555-768x512.jpg 768w\" data-sizes=\"(max-width: 800px) 100vw, 800px\" src=\"data:image\/svg+xml;base64,PHN2ZyB3aWR0aD0iMSIgaGVpZ2h0PSIxIiB4bWxucz0iaHR0cDovL3d3dy53My5vcmcvMjAwMC9zdmciPjwvc3ZnPg==\" style=\"--smush-placeholder-width: 800px; --smush-placeholder-aspect-ratio: 800\/533;\" \/><\/a><\/p>\n<p>O vereador <strong>Robson Brito<\/strong> apresentou um requerimento, um tanto quanto pol\u00eamico, solicitando ao presidente da C\u00e2mara que encaminhe um expediente ao setor jur\u00eddico do Poder Legislativo, no sentido de identificar quais medidas adotar com a situa\u00e7\u00e3o preocupante da sa\u00fade do prefeito Cosme Gon\u00e7alves.<\/p>\n<p>Robson justificou seu requerimento, informando que sua atitude n\u00e3o se trata de persegui\u00e7\u00e3o pol\u00edtica, destacando em sua fala, que para administrar o munic\u00edpio, \u00e9 necess\u00e1rio que o prefeito esteja bem de sa\u00fade, evitando assim, que o munic\u00edpio fique sem um respons\u00e1vel que conduza os seus destinos. Robson ainda solicitou que a primeira-dama do munic\u00edpio informe a situa\u00e7\u00e3o cl\u00ednica do prefeito.<\/p>\n<p>Ele ainda apresentou um voto de pesar em nome de In\u00e1cio Tertuliano de Queiroz.<\/p>\n<p><a href=\"http:\/\/caririemacao.com\/1\/wp-content\/uploads\/2018\/06\/IMG_1598.jpg\"><img decoding=\"async\" class=\"wp-image-53067 size-full aligncenter lazyload\" data-src=\"http:\/\/caririemacao.com\/1\/wp-content\/uploads\/2018\/06\/IMG_1598.jpg\" alt=\"\" width=\"800\" height=\"533\" data-srcset=\"https:\/\/www.caririemacao.com\/1\/wp-content\/uploads\/2018\/06\/IMG_1598.jpg 800w, https:\/\/www.caririemacao.com\/1\/wp-content\/uploads\/2018\/06\/IMG_1598-300x200.jpg 300w, https:\/\/www.caririemacao.com\/1\/wp-content\/uploads\/2018\/06\/IMG_1598-768x512.jpg 768w\" data-sizes=\"(max-width: 800px) 100vw, 800px\" src=\"data:image\/svg+xml;base64,PHN2ZyB3aWR0aD0iMSIgaGVpZ2h0PSIxIiB4bWxucz0iaHR0cDovL3d3dy53My5vcmcvMjAwMC9zdmciPjwvc3ZnPg==\" style=\"--smush-placeholder-width: 800px; --smush-placeholder-aspect-ratio: 800\/533;\" \/><\/a><\/p>\n<p>O vereador <strong>Juber de Farias<\/strong> apresentou um voto de pesar em nome de Maria Eunice de Brito Silva falecida no munic\u00edpio de S\u00e3o Jo\u00e3o do Cariri. O voto de pesar foi assinado e aprovado por todos os vereadores.<\/p>\n<p><a href=\"http:\/\/caririemacao.com\/1\/wp-content\/uploads\/2018\/06\/IMG_1533.jpg\"><img decoding=\"async\" class=\"wp-image-53063 size-full aligncenter lazyload\" data-src=\"http:\/\/caririemacao.com\/1\/wp-content\/uploads\/2018\/06\/IMG_1533.jpg\" alt=\"\" width=\"800\" height=\"533\" data-srcset=\"https:\/\/www.caririemacao.com\/1\/wp-content\/uploads\/2018\/06\/IMG_1533.jpg 800w, https:\/\/www.caririemacao.com\/1\/wp-content\/uploads\/2018\/06\/IMG_1533-300x200.jpg 300w, https:\/\/www.caririemacao.com\/1\/wp-content\/uploads\/2018\/06\/IMG_1533-768x512.jpg 768w\" data-sizes=\"(max-width: 800px) 100vw, 800px\" src=\"data:image\/svg+xml;base64,PHN2ZyB3aWR0aD0iMSIgaGVpZ2h0PSIxIiB4bWxucz0iaHR0cDovL3d3dy53My5vcmcvMjAwMC9zdmciPjwvc3ZnPg==\" style=\"--smush-placeholder-width: 800px; --smush-placeholder-aspect-ratio: 800\/533;\" \/><\/a><\/p>\n<p>O vereador Romero Ramos apresentou tamb\u00e9m um requerimento solicitando da Prefeitura Municipal limpeza das ruas do distrito de Malhada de Ro\u00e7a, bem como, a recupera\u00e7\u00e3o das estradas vicinais que d\u00e3o acesso ao distrito.<\/p>\n<p>Ele ainda solicitou \u00e0 Secretaria de Infraestrutura do munic\u00edpio melhorias no espa\u00e7o destinado \u00e0s apresenta\u00e7\u00f5es juninas no distrito de Malhada de ro\u00e7a.<\/p>\n<p><a href=\"http:\/\/caririemacao.com\/1\/wp-content\/uploads\/2018\/06\/IMG_1519.jpg\"><img decoding=\"async\" class=\"aligncenter wp-image-53062 size-full lazyload\" data-src=\"http:\/\/caririemacao.com\/1\/wp-content\/uploads\/2018\/06\/IMG_1519.jpg\" alt=\"\" width=\"800\" height=\"533\" data-srcset=\"https:\/\/www.caririemacao.com\/1\/wp-content\/uploads\/2018\/06\/IMG_1519.jpg 800w, https:\/\/www.caririemacao.com\/1\/wp-content\/uploads\/2018\/06\/IMG_1519-300x200.jpg 300w, https:\/\/www.caririemacao.com\/1\/wp-content\/uploads\/2018\/06\/IMG_1519-768x512.jpg 768w\" data-sizes=\"(max-width: 800px) 100vw, 800px\" src=\"data:image\/svg+xml;base64,PHN2ZyB3aWR0aD0iMSIgaGVpZ2h0PSIxIiB4bWxucz0iaHR0cDovL3d3dy53My5vcmcvMjAwMC9zdmciPjwvc3ZnPg==\" style=\"--smush-placeholder-width: 800px; --smush-placeholder-aspect-ratio: 800\/533;\" \/><\/a><\/p>\n<p>O vereador Francisco J\u00fanior solicitou ao presidente da C\u00e2mara, H\u00e9lio Morais, o agendamento de uma data para realiza\u00e7\u00e3o de uma audi\u00eancia p\u00fablica para tratar sobre seguran\u00e7a p\u00fablica. O parlamentar solicitou ainda que fossem enviados convites as autoridades como: delegado pol\u00edcia civil, promotor, juiz, prefeito e comerciantes munic\u00edpio objetivando estabelecer uma parceria p\u00fablico-privada.<\/p>\n<p>De acordo com o parlamentar, a audi\u00eancia deve tratar, n\u00e3o s\u00f3 de medidas importantes para evitar crimes, mas tamb\u00e9m sobre a instala\u00e7\u00e3o de um sistema de monitoramento de c\u00e2meras nas principais ruas da cidade.<\/p>\n<p>Ele ainda requereu ao senhor Victor Cavalcante Clemente de Souza, respons\u00e1vel pelo posto de atendimento do Banco Bradesco, na cidade S\u00e3o Jo\u00e3o do Cariri, um caixa eletr\u00f4nico com a finalidade de melhorar o atendimento \u00e0 popula\u00e7\u00e3o que utiliza dos servi\u00e7os do banco no munic\u00edpio de S\u00e3o Jo\u00e3o do Cariri.<\/p>\n<p>Francisco J\u00fanior tamb\u00e9m apresentou um voto de pesar pelo falecimento de Terezinha Gon\u00e7alves.<\/p>\n<p>&nbsp;<\/p>\n<p>O parlamento ainda aprovou dois projetos de leis (PL), o primeiro deles, de autoria do Poder Executivo, que pedia autoriza\u00e7\u00e3o para a realiza\u00e7\u00e3o de leil\u00e3o de bens economicamente invi\u00e1veis para o munic\u00edpio de S\u00e3o Jo\u00e3o do Cariri.<a href=\"http:\/\/caririemacao.com\/1\/wp-content\/uploads\/2018\/06\/IMG_1584.jpg\"><img decoding=\"async\" class=\"aligncenter wp-image-53068 size-full lazyload\" data-src=\"http:\/\/caririemacao.com\/1\/wp-content\/uploads\/2018\/06\/IMG_1584.jpg\" alt=\"\" width=\"800\" height=\"533\" data-srcset=\"https:\/\/www.caririemacao.com\/1\/wp-content\/uploads\/2018\/06\/IMG_1584.jpg 800w, https:\/\/www.caririemacao.com\/1\/wp-content\/uploads\/2018\/06\/IMG_1584-300x200.jpg 300w, https:\/\/www.caririemacao.com\/1\/wp-content\/uploads\/2018\/06\/IMG_1584-768x512.jpg 768w\" data-sizes=\"(max-width: 800px) 100vw, 800px\" src=\"data:image\/svg+xml;base64,PHN2ZyB3aWR0aD0iMSIgaGVpZ2h0PSIxIiB4bWxucz0iaHR0cDovL3d3dy53My5vcmcvMjAwMC9zdmciPjwvc3ZnPg==\" style=\"--smush-placeholder-width: 800px; --smush-placeholder-aspect-ratio: 800\/533;\" \/><\/a><\/p>\n<p>O Segundo projeto aprovado \u00e9 o PL de N\u00ba 03\/2018, de autoria do vereador, Francisco J\u00fanior, que visa disciplinar a doa\u00e7\u00e3o de terrenos para fam\u00edlias carentes do munic\u00edpio.<br \/>\n<iframe style=\"border: none; overflow: hidden;\" data-src=\"https:\/\/www.facebook.com\/plugins\/video.php?href=https%3A%2F%2Fwww.facebook.com%2FCaririEmAcao%2Fvideos%2F1252871211515566%2F&amp;show_text=0&amp;width=560\" width=\"560\" height=\"415\" frameborder=\"0\" scrolling=\"no\" allowfullscreen=\"allowfullscreen\" src=\"data:image\/svg+xml;base64,PHN2ZyB3aWR0aD0iMSIgaGVpZ2h0PSIxIiB4bWxucz0iaHR0cDovL3d3dy53My5vcmcvMjAwMC9zdmciPjwvc3ZnPg==\" class=\"lazyload\" data-load-mode=\"1\"><\/iframe><\/p>\n<h3><a href=\"https:\/\/www.facebook.com\/pg\/CaririEmAcao\/photos\/?tab=album&amp;album_id=1253403794795641\">Veja Fotos da Sess\u00e3o\u00a0<\/a><\/h3>\n<p><strong>CARIRI EM A\u00c7\u00c3O<\/strong><\/p>\n<p>Leia mais not\u00edcias em\u00a0<a href=\"http:\/\/www.caririemacao.com\/\">caririemacao.com<\/a>, siga nossa p\u00e1gina no\u00a0<a href=\"https:\/\/www.facebook.com\/CaririEmAcao\/?ref=aymt_homepage_panel\">Facebook<\/a>,\u00a0<a href=\"https:\/\/www.instagram.com\/cariri_em_acao\/?hl=pt-br\">Instagram<\/a>\u00a0e <a href=\"https:\/\/www.youtube.com\/channel\/UCAptA0jQuYQy8vMhLt2m4qg\">Youtube<\/a>\u00a0e veja nossas mat\u00e9rias, v\u00eddeos e fotos. Voc\u00ea tamb\u00e9m pode enviar informa\u00e7\u00f5es \u00e0 Reda\u00e7\u00e3o do Portal Cariri em A\u00e7\u00e3o pelo WhatsApp (83) 9 9634.5791, (83) 9 9601-1162.<\/p>\n","protected":false},"excerpt":{"rendered":"<p>A C\u00e2mara Municipal de S\u00e3o Jo\u00e3o do Cariri se reuniu nesta sexta-feira (01) para discutir uma s\u00e9rie de requerimentos, que depois de debatidos, foram aprovados&hellip; <\/p>\n","protected":false},"author":2,"featured_media":53066,"comment_status":"closed","ping_status":"closed","sticky":false,"template":"","format":"standard","meta":{"sfsi_plus_gutenberg_text_before_share":"","sfsi_plus_gutenberg_show_text_before_share":"","sfsi_plus_gutenberg_icon_type":"","sfsi_plus_gutenberg_icon_alignemt":"","sfsi_plus_gutenburg_max_per_row":"","footnotes":""},"categories":[6],"tags":[],"class_list":["post-53070","post","type-post","status-publish","format-standard","has-post-thumbnail","hentry","category-cidades"],"_links":{"self":[{"href":"https:\/\/www.caririemacao.com\/1\/wp-json\/wp\/v2\/posts\/53070","targetHints":{"allow":["GET"]}}],"collection":[{"href":"https:\/\/www.caririemacao.com\/1\/wp-json\/wp\/v2\/posts"}],"about":[{"href":"https:\/\/www.caririemacao.com\/1\/wp-json\/wp\/v2\/types\/post"}],"author":[{"embeddable":true,"href":"https:\/\/www.caririemacao.com\/1\/wp-json\/wp\/v2\/users\/2"}],"replies":[{"embeddable":true,"href":"https:\/\/www.caririemacao.com\/1\/wp-json\/wp\/v2\/comments?post=53070"}],"version-history":[{"count":0,"href":"https:\/\/www.caririemacao.com\/1\/wp-json\/wp\/v2\/posts\/53070\/revisions"}],"wp:featuredmedia":[{"embeddable":true,"href":"https:\/\/www.caririemacao.com\/1\/wp-json\/wp\/v2\/media\/53066"}],"wp:attachment":[{"href":"https:\/\/www.caririemacao.com\/1\/wp-json\/wp\/v2\/media?parent=53070"}],"wp:term":[{"taxonomy":"category","embeddable":true,"href":"https:\/\/www.caririemacao.com\/1\/wp-json\/wp\/v2\/categories?post=53070"},{"taxonomy":"post_tag","embeddable":true,"href":"https:\/\/www.caririemacao.com\/1\/wp-json\/wp\/v2\/tags?post=53070"}],"curies":[{"name":"wp","href":"https:\/\/api.w.org\/{rel}","templated":true}]}}