{"id":53084,"date":"2018-06-03T09:11:15","date_gmt":"2018-06-03T12:11:15","guid":{"rendered":"http:\/\/caririemacao.com\/1\/?p=53084"},"modified":"2018-06-03T12:14:50","modified_gmt":"2018-06-03T15:14:50","slug":"forro-kent-encerra-aniversario-do-mercadinho-do-galego-em-sume","status":"publish","type":"post","link":"https:\/\/www.caririemacao.com\/1\/2018\/06\/03\/forro-kent-encerra-aniversario-do-mercadinho-do-galego-em-sume\/","title":{"rendered":"Forr\u00f3 Kent encerra anivers\u00e1rio do Mercadinho do Galego em Sum\u00e9"},"content":{"rendered":"<p>A banda sumeense Forr\u00f3 Kent encerrou na noite deste s\u00e1bado, a programa\u00e7\u00e3o comemorativa aos 08 anos do Mercadinho do Galego. A festa aconteceu ao lado do mercadinho, localizado na sa\u00edda para Campina Grande.<\/p>\n<p>As comemora\u00e7\u00f5es tiveram in\u00edcio na manh\u00e3 deste s\u00e1bado, dia 02, com barracas, comidas t\u00edpicas, ofertas, sorteios e muito arrasta p\u00e9 com Mercinho e banda.<\/p>\n<p><a href=\"http:\/\/caririemacao.com\/1\/wp-content\/uploads\/2018\/06\/IMG_1696.jpg\"><img fetchpriority=\"high\" decoding=\"async\" class=\"wp-image-53088 size-full aligncenter\" src=\"http:\/\/caririemacao.com\/1\/wp-content\/uploads\/2018\/06\/IMG_1696.jpg\" alt=\"\" width=\"800\" height=\"533\" srcset=\"https:\/\/www.caririemacao.com\/1\/wp-content\/uploads\/2018\/06\/IMG_1696.jpg 800w, https:\/\/www.caririemacao.com\/1\/wp-content\/uploads\/2018\/06\/IMG_1696-300x200.jpg 300w, https:\/\/www.caririemacao.com\/1\/wp-content\/uploads\/2018\/06\/IMG_1696-768x512.jpg 768w\" sizes=\"(max-width: 800px) 100vw, 800px\" \/><\/a><\/p>\n<p>&nbsp;<\/p>\n<p>A tarde, al\u00e9m de muita gente fazendo suas compras no Mercadinho do Galego, as pessoas tamb\u00e9m acompanharam o sorteio de v\u00e1rios pr\u00eamios do mercadinho e da loja Maria Bonita.<\/p>\n<p><a href=\"http:\/\/caririemacao.com\/1\/wp-content\/uploads\/2018\/06\/DSC_0303.jpg\"><img decoding=\"async\" class=\"aligncenter wp-image-53090 size-full lazyload\" data-src=\"http:\/\/caririemacao.com\/1\/wp-content\/uploads\/2018\/06\/DSC_0303.jpg\" alt=\"\" width=\"800\" height=\"533\" data-srcset=\"https:\/\/www.caririemacao.com\/1\/wp-content\/uploads\/2018\/06\/DSC_0303.jpg 800w, https:\/\/www.caririemacao.com\/1\/wp-content\/uploads\/2018\/06\/DSC_0303-300x200.jpg 300w, https:\/\/www.caririemacao.com\/1\/wp-content\/uploads\/2018\/06\/DSC_0303-768x512.jpg 768w\" data-sizes=\"(max-width: 800px) 100vw, 800px\" src=\"data:image\/svg+xml;base64,PHN2ZyB3aWR0aD0iMSIgaGVpZ2h0PSIxIiB4bWxucz0iaHR0cDovL3d3dy53My5vcmcvMjAwMC9zdmciPjwvc3ZnPg==\" style=\"--smush-placeholder-width: 800px; --smush-placeholder-aspect-ratio: 800\/533;\" \/><\/a><\/p>\n<p>A anima\u00e7\u00e3o continuou a noite com a apresenta\u00e7\u00e3o de uma quadrilha junina que contou com muita gente bonita.<\/p>\n<p><a href=\"http:\/\/caririemacao.com\/1\/wp-content\/uploads\/2018\/06\/DSC_0157.jpg\"><img decoding=\"async\" class=\"aligncenter wp-image-53091 size-full lazyload\" data-src=\"http:\/\/caririemacao.com\/1\/wp-content\/uploads\/2018\/06\/DSC_0157.jpg\" alt=\"\" width=\"800\" height=\"533\" data-srcset=\"https:\/\/www.caririemacao.com\/1\/wp-content\/uploads\/2018\/06\/DSC_0157.jpg 800w, https:\/\/www.caririemacao.com\/1\/wp-content\/uploads\/2018\/06\/DSC_0157-300x200.jpg 300w, https:\/\/www.caririemacao.com\/1\/wp-content\/uploads\/2018\/06\/DSC_0157-768x512.jpg 768w\" data-sizes=\"(max-width: 800px) 100vw, 800px\" src=\"data:image\/svg+xml;base64,PHN2ZyB3aWR0aD0iMSIgaGVpZ2h0PSIxIiB4bWxucz0iaHR0cDovL3d3dy53My5vcmcvMjAwMC9zdmciPjwvc3ZnPg==\" style=\"--smush-placeholder-width: 800px; --smush-placeholder-aspect-ratio: 800\/533;\" \/><\/a><\/p>\n<p>E para encerrar, a banda Forr\u00f3 Kent cantou seus maiores sucessos, arrastando um grande p\u00fablico, fazendo um show inesquec\u00edvel com gostinho de querer mais.<\/p>\n<p><a href=\"http:\/\/caririemacao.com\/1\/wp-content\/uploads\/2018\/06\/IMG_1871.jpg\"><img decoding=\"async\" class=\"aligncenter wp-image-53092 size-full lazyload\" data-src=\"http:\/\/caririemacao.com\/1\/wp-content\/uploads\/2018\/06\/IMG_1871.jpg\" alt=\"\" width=\"800\" height=\"533\" data-srcset=\"https:\/\/www.caririemacao.com\/1\/wp-content\/uploads\/2018\/06\/IMG_1871.jpg 800w, https:\/\/www.caririemacao.com\/1\/wp-content\/uploads\/2018\/06\/IMG_1871-300x200.jpg 300w, https:\/\/www.caririemacao.com\/1\/wp-content\/uploads\/2018\/06\/IMG_1871-768x512.jpg 768w\" data-sizes=\"(max-width: 800px) 100vw, 800px\" src=\"data:image\/svg+xml;base64,PHN2ZyB3aWR0aD0iMSIgaGVpZ2h0PSIxIiB4bWxucz0iaHR0cDovL3d3dy53My5vcmcvMjAwMC9zdmciPjwvc3ZnPg==\" style=\"--smush-placeholder-width: 800px; --smush-placeholder-aspect-ratio: 800\/533;\" \/><\/a><\/p>\n<p>Para os empres\u00e1rios Galego e Andreia, o Mercadinho do Galego vem fazendo a diferen\u00e7a neste segmento na cidade de Sum\u00e9. Eles lembraram os primeiros momentos e as dificuldades, mas nunca baixaram a cabe\u00e7a, trabalhando muito e sempre respeitando o consumidor, o maior patrim\u00f4nio do mercadinho do Galego.<\/p>\n<p>Veja Fotos clicando nos links abaixo.<\/p>\n<p><a href=\"https:\/\/www.facebook.com\/pg\/CaririEmAcao\/photos\/?tab=album&amp;album_id=1253404758128878\">Festa de anivers\u00e1rio do Mercadinho do Galego<\/a><\/p>\n<p><a href=\"https:\/\/www.facebook.com\/pg\/CaririEmAcao\/photos\/?tab=album&amp;album_id=1253824088086945\">Sorteio de brindes\/Festa de anivers\u00e1rio do Mercadinho do Galego.\u00a0<\/a><\/p>\n<p><a href=\"https:\/\/www.facebook.com\/pg\/CaririEmAcao\/photos\/?tab=album&amp;album_id=1253829774753043\">Quadrilha do Galego\u00a0<\/a><\/p>\n<p>&nbsp;<\/p>\n<p><strong>CARIRI EM A\u00c7\u00c3O<\/strong><\/p>\n<p>Leia mais not\u00edcias em\u00a0<a href=\"http:\/\/www.caririemacao.com\/\">caririemacao.com<\/a>, siga nossa p\u00e1gina no\u00a0<a href=\"https:\/\/www.facebook.com\/CaririEmAcao\/?ref=aymt_homepage_panel\">Facebook<\/a>,\u00a0<a href=\"https:\/\/www.instagram.com\/cariri_em_acao\/?hl=pt-br\">Instagram<\/a>\u00a0e <a href=\"https:\/\/www.youtube.com\/channel\/UCAptA0jQuYQy8vMhLt2m4qg\">Youtube<\/a>\u00a0e veja nossas mat\u00e9rias, v\u00eddeos e fotos. Voc\u00ea tamb\u00e9m pode enviar informa\u00e7\u00f5es \u00e0 Reda\u00e7\u00e3o do Portal Cariri em A\u00e7\u00e3o pelo WhatsApp (83) 9 9634.5791, (83) 9 9601-1162.<\/p>\n","protected":false},"excerpt":{"rendered":"<p>A banda sumeense Forr\u00f3 Kent encerrou na noite deste s\u00e1bado, a programa\u00e7\u00e3o comemorativa aos 08 anos do Mercadinho do Galego. A festa aconteceu ao lado&hellip; <\/p>\n","protected":false},"author":2,"featured_media":53086,"comment_status":"closed","ping_status":"closed","sticky":false,"template":"","format":"standard","meta":{"sfsi_plus_gutenberg_text_before_share":"","sfsi_plus_gutenberg_show_text_before_share":"","sfsi_plus_gutenberg_icon_type":"","sfsi_plus_gutenberg_icon_alignemt":"","sfsi_plus_gutenburg_max_per_row":"","footnotes":""},"categories":[6],"tags":[],"class_list":["post-53084","post","type-post","status-publish","format-standard","has-post-thumbnail","hentry","category-cidades"],"_links":{"self":[{"href":"https:\/\/www.caririemacao.com\/1\/wp-json\/wp\/v2\/posts\/53084","targetHints":{"allow":["GET"]}}],"collection":[{"href":"https:\/\/www.caririemacao.com\/1\/wp-json\/wp\/v2\/posts"}],"about":[{"href":"https:\/\/www.caririemacao.com\/1\/wp-json\/wp\/v2\/types\/post"}],"author":[{"embeddable":true,"href":"https:\/\/www.caririemacao.com\/1\/wp-json\/wp\/v2\/users\/2"}],"replies":[{"embeddable":true,"href":"https:\/\/www.caririemacao.com\/1\/wp-json\/wp\/v2\/comments?post=53084"}],"version-history":[{"count":0,"href":"https:\/\/www.caririemacao.com\/1\/wp-json\/wp\/v2\/posts\/53084\/revisions"}],"wp:featuredmedia":[{"embeddable":true,"href":"https:\/\/www.caririemacao.com\/1\/wp-json\/wp\/v2\/media\/53086"}],"wp:attachment":[{"href":"https:\/\/www.caririemacao.com\/1\/wp-json\/wp\/v2\/media?parent=53084"}],"wp:term":[{"taxonomy":"category","embeddable":true,"href":"https:\/\/www.caririemacao.com\/1\/wp-json\/wp\/v2\/categories?post=53084"},{"taxonomy":"post_tag","embeddable":true,"href":"https:\/\/www.caririemacao.com\/1\/wp-json\/wp\/v2\/tags?post=53084"}],"curies":[{"name":"wp","href":"https:\/\/api.w.org\/{rel}","templated":true}]}}