{"id":53096,"date":"2018-06-03T10:10:14","date_gmt":"2018-06-03T13:10:14","guid":{"rendered":"http:\/\/caririemacao.com\/1\/?p=53096"},"modified":"2018-06-03T10:10:14","modified_gmt":"2018-06-03T13:10:14","slug":"ex-deputado-federal-leonardo-gadelha-sofre-acidente-de-carro-no-sertao","status":"publish","type":"post","link":"https:\/\/www.caririemacao.com\/1\/2018\/06\/03\/ex-deputado-federal-leonardo-gadelha-sofre-acidente-de-carro-no-sertao\/","title":{"rendered":"Ex-deputado federal Leonardo Gadelha sofre acidente de carro no Sert\u00e3o"},"content":{"rendered":"<p>No in\u00edcio da noite desse s\u00e1bado (2), o ex-deputado federal pela Para\u00edba, Leonardo Gadelha (PSC), sofreu um acidente de carro, em um trecho na BR-230 localizado entre os munic\u00edpios de Santa Luzia e S\u00e3o Mamede, no Sert\u00e3o do estado.<\/p>\n<p>O pol\u00edtico viajava com destino \u00e0 cidade de Sousa, onde participaria de um evento, quando o ve\u00edculo que conduzia acabou colidindo com um animal que estava solto na rodovia. Mesmo com o forte impacto, Leonardo n\u00e3o chegou a se ferir e tamb\u00e9m n\u00e3o precisou de socorro. Ap\u00f3s o acidente, o ex-parlamentar n\u00e3o seguiu viagem, retornando para Campina Grande.<\/p>\n<p><strong>CARIRI EM A\u00c7\u00c3O<\/strong><\/p>\n<p>Com Portal T5\/Foto: Reprodu\u00e7\u00e3o Internet<\/p>\n<p>Leia mais not\u00edcias em\u00a0<a href=\"http:\/\/www.caririemacao.com\/\">caririemacao.com<\/a>, siga nossa p\u00e1gina no\u00a0<a href=\"https:\/\/www.facebook.com\/CaririEmAcao\/?ref=aymt_homepage_panel\">Facebook<\/a>,\u00a0<a href=\"https:\/\/www.instagram.com\/cariri_em_acao\/?hl=pt-br\">Instagram<\/a>\u00a0e\u00a0<a href=\"https:\/\/www.youtube.com\/channel\/UCAptA0jQuYQy8vMhLt2m4qg\">Youtube<\/a>\u00a0e veja nossas mat\u00e9rias, v\u00eddeos e fotos. Voc\u00ea tamb\u00e9m pode enviar informa\u00e7\u00f5es \u00e0 Reda\u00e7\u00e3o do Portal Cariri em A\u00e7\u00e3o pelo WhatsApp (83) 9 9634.5791, (83) 9 9601-1162.<\/p>\n","protected":false},"excerpt":{"rendered":"<p>No in\u00edcio da noite desse s\u00e1bado (2), o ex-deputado federal pela Para\u00edba, Leonardo Gadelha (PSC), sofreu um acidente de carro, em um trecho na BR-230&hellip; <\/p>\n","protected":false},"author":2,"featured_media":53097,"comment_status":"closed","ping_status":"closed","sticky":false,"template":"","format":"standard","meta":{"sfsi_plus_gutenberg_text_before_share":"","sfsi_plus_gutenberg_show_text_before_share":"","sfsi_plus_gutenberg_icon_type":"","sfsi_plus_gutenberg_icon_alignemt":"","sfsi_plus_gutenburg_max_per_row":"","footnotes":""},"categories":[11],"tags":[],"class_list":["post-53096","post","type-post","status-publish","format-standard","has-post-thumbnail","hentry","category-politica"],"_links":{"self":[{"href":"https:\/\/www.caririemacao.com\/1\/wp-json\/wp\/v2\/posts\/53096","targetHints":{"allow":["GET"]}}],"collection":[{"href":"https:\/\/www.caririemacao.com\/1\/wp-json\/wp\/v2\/posts"}],"about":[{"href":"https:\/\/www.caririemacao.com\/1\/wp-json\/wp\/v2\/types\/post"}],"author":[{"embeddable":true,"href":"https:\/\/www.caririemacao.com\/1\/wp-json\/wp\/v2\/users\/2"}],"replies":[{"embeddable":true,"href":"https:\/\/www.caririemacao.com\/1\/wp-json\/wp\/v2\/comments?post=53096"}],"version-history":[{"count":0,"href":"https:\/\/www.caririemacao.com\/1\/wp-json\/wp\/v2\/posts\/53096\/revisions"}],"wp:featuredmedia":[{"embeddable":true,"href":"https:\/\/www.caririemacao.com\/1\/wp-json\/wp\/v2\/media\/53097"}],"wp:attachment":[{"href":"https:\/\/www.caririemacao.com\/1\/wp-json\/wp\/v2\/media?parent=53096"}],"wp:term":[{"taxonomy":"category","embeddable":true,"href":"https:\/\/www.caririemacao.com\/1\/wp-json\/wp\/v2\/categories?post=53096"},{"taxonomy":"post_tag","embeddable":true,"href":"https:\/\/www.caririemacao.com\/1\/wp-json\/wp\/v2\/tags?post=53096"}],"curies":[{"name":"wp","href":"https:\/\/api.w.org\/{rel}","templated":true}]}}