{"id":53105,"date":"2018-06-03T10:52:32","date_gmt":"2018-06-03T13:52:32","guid":{"rendered":"http:\/\/caririemacao.com\/1\/?p=53105"},"modified":"2018-06-03T10:52:32","modified_gmt":"2018-06-03T13:52:32","slug":"divulgada-data-das-provas-do-processo-seletivo-para-agente-de-portaria-da-uepb","status":"publish","type":"post","link":"https:\/\/www.caririemacao.com\/1\/2018\/06\/03\/divulgada-data-das-provas-do-processo-seletivo-para-agente-de-portaria-da-uepb\/","title":{"rendered":"Divulgada data das provas do processo seletivo para agente de portaria da UEPB"},"content":{"rendered":"<p>A Comiss\u00e3o Permanente de Concursos (CPCon) da Universidade Estadual da Para\u00edba (UEPB) divulgou a nova data para realiza\u00e7\u00e3o das provas do processo de seletivo de agente de portaria da Institui\u00e7\u00e3o.<\/p>\n<p>De acordo com o novo cronograma, os candidatos inscritos far\u00e3o as provas objetiva e de produ\u00e7\u00e3o textual no pr\u00f3ximo dia 17 de junho.<\/p>\n<p>As provas ser\u00e3o aplicadas no turno da manh\u00e3, das 8h \u00e0s 12h, em Campina Grande. Os candidatos devem chegar ao local de realiza\u00e7\u00e3o do exame com pelos menos uma hora de anteced\u00eancia.<\/p>\n<p>A sele\u00e7\u00e3o oferece 42 vagas em car\u00e1ter tempor\u00e1rio. O sal\u00e1rio ser\u00e1 de R$ 1.502,24 e os selecionados cumprir\u00e3o uma carga de 40 horas semanais.<\/p>\n<p>O processo seletivo ser\u00e1 realizado com a aplica\u00e7\u00e3o de uma prova objetiva de car\u00e1ter eliminat\u00f3rio e classificat\u00f3rio, al\u00e9m de uma prova de produ\u00e7\u00e3o textual, tamb\u00e9m de car\u00e1ter eliminat\u00f3rio e classificat\u00f3rio.<\/p>\n<p>Os aprovados ainda ser\u00e3o submetidos a uma entrevista. A divulga\u00e7\u00e3o e publica\u00e7\u00e3o do resultado oficial do processo seletivo ocorrer\u00e1 no dia 24 de julho.<\/p>\n<p>Dentre as atribui\u00e7\u00f5es do cargo, o ocupante dever\u00e1 observar todas as medidas de precau\u00e7\u00e3o e seguran\u00e7a das depend\u00eancias e manter-se atualizado sobre preven\u00e7\u00e3o e combate a inc\u00eandio e outros problemas que possam afetar a integridade da Institui\u00e7\u00e3o e de seus ocupantes, entre outras medidas.<\/p>\n<p>O cronograma completo, com os novos prazos, pode ser conferido no site da CPCon, atrav\u00e9s do endere\u00e7o\u00a0https:\/\/cpcon.uepb.edu.br\/. A consulta aos locais de provas j\u00e1 est\u00e1 dispon\u00edvel no site da Comiss\u00e3o desde o dia 23 de maio. Outras informa\u00e7\u00f5es podem ser obtidas pelo telefone (83) 3315-3405.<\/p>\n<p><strong>CARIRI EM A\u00c7\u00c3O<\/strong><\/p>\n<p>Com Ascom\/Foto: A<em>scom<\/em><\/p>\n<p>Leia mais not\u00edcias em\u00a0<a href=\"http:\/\/www.caririemacao.com\/\">caririemacao.com<\/a>, siga nossa p\u00e1gina no\u00a0<a href=\"https:\/\/www.facebook.com\/CaririEmAcao\/?ref=aymt_homepage_panel\">Facebook<\/a>,\u00a0<a href=\"https:\/\/www.instagram.com\/cariri_em_acao\/?hl=pt-br\">Instagram<\/a>\u00a0e\u00a0<a href=\"https:\/\/www.youtube.com\/channel\/UCAptA0jQuYQy8vMhLt2m4qg\">Youtube<\/a>\u00a0e veja nossas mat\u00e9rias, v\u00eddeos e fotos. Voc\u00ea tamb\u00e9m pode enviar informa\u00e7\u00f5es \u00e0 Reda\u00e7\u00e3o do Portal Cariri em A\u00e7\u00e3o pelo WhatsApp (83) 9 9634.5791, (83) 9 9601-1162.<\/p>\n","protected":false},"excerpt":{"rendered":"<p>A Comiss\u00e3o Permanente de Concursos (CPCon) da Universidade Estadual da Para\u00edba (UEPB) divulgou a nova data para realiza\u00e7\u00e3o das provas do processo de seletivo de&hellip; <\/p>\n","protected":false},"author":2,"featured_media":53106,"comment_status":"closed","ping_status":"closed","sticky":false,"template":"","format":"standard","meta":{"sfsi_plus_gutenberg_text_before_share":"","sfsi_plus_gutenberg_show_text_before_share":"","sfsi_plus_gutenberg_icon_type":"","sfsi_plus_gutenberg_icon_alignemt":"","sfsi_plus_gutenburg_max_per_row":"","footnotes":""},"categories":[14],"tags":[],"class_list":["post-53105","post","type-post","status-publish","format-standard","has-post-thumbnail","hentry","category-educacao"],"_links":{"self":[{"href":"https:\/\/www.caririemacao.com\/1\/wp-json\/wp\/v2\/posts\/53105","targetHints":{"allow":["GET"]}}],"collection":[{"href":"https:\/\/www.caririemacao.com\/1\/wp-json\/wp\/v2\/posts"}],"about":[{"href":"https:\/\/www.caririemacao.com\/1\/wp-json\/wp\/v2\/types\/post"}],"author":[{"embeddable":true,"href":"https:\/\/www.caririemacao.com\/1\/wp-json\/wp\/v2\/users\/2"}],"replies":[{"embeddable":true,"href":"https:\/\/www.caririemacao.com\/1\/wp-json\/wp\/v2\/comments?post=53105"}],"version-history":[{"count":0,"href":"https:\/\/www.caririemacao.com\/1\/wp-json\/wp\/v2\/posts\/53105\/revisions"}],"wp:featuredmedia":[{"embeddable":true,"href":"https:\/\/www.caririemacao.com\/1\/wp-json\/wp\/v2\/media\/53106"}],"wp:attachment":[{"href":"https:\/\/www.caririemacao.com\/1\/wp-json\/wp\/v2\/media?parent=53105"}],"wp:term":[{"taxonomy":"category","embeddable":true,"href":"https:\/\/www.caririemacao.com\/1\/wp-json\/wp\/v2\/categories?post=53105"},{"taxonomy":"post_tag","embeddable":true,"href":"https:\/\/www.caririemacao.com\/1\/wp-json\/wp\/v2\/tags?post=53105"}],"curies":[{"name":"wp","href":"https:\/\/api.w.org\/{rel}","templated":true}]}}