{"id":53108,"date":"2018-06-03T10:57:15","date_gmt":"2018-06-03T13:57:15","guid":{"rendered":"http:\/\/caririemacao.com\/1\/?p=53108"},"modified":"2018-06-03T10:57:15","modified_gmt":"2018-06-03T13:57:15","slug":"termina-hoje-prazo-para-pedir-uso-do-nome-social-no-enem","status":"publish","type":"post","link":"https:\/\/www.caririemacao.com\/1\/2018\/06\/03\/termina-hoje-prazo-para-pedir-uso-do-nome-social-no-enem\/","title":{"rendered":"Termina hoje prazo para pedir uso do nome social no Enem"},"content":{"rendered":"<p>Transexuais e travestis t\u00eam at\u00e9 hoje (3) para solicitar a identifica\u00e7\u00e3o pelo nome social no Exame Nacional do Ensino M\u00e9dio (Enem). O pedido deve ser feito na\u00a0P\u00e1gina do Participante.<\/p>\n<p>O interessado deve informar CPF, senha e o nome social usado. Devem ser anexados os documentos comprobat\u00f3rios da condi\u00e7\u00e3o que motiva a solicita\u00e7\u00e3o de atendimento pelo nome social.<\/p>\n<p>Ser\u00e1 necess\u00e1rio anexar fotografia atual n\u00edtida, individual, colorida, com fundo branco que enquadre desde a cabe\u00e7a at\u00e9 os ombros, de rosto inteiro sem o uso de \u00f3culos escuros e artigos de chapelaria, como bon\u00e9, chap\u00e9u, viseira, gorro ou similares; c\u00f3pia digitalizada da frente e do verso de um dos documentos de identifica\u00e7\u00e3o oficial com foto e c\u00f3pia assinada e digitalizada do formul\u00e1rio de solicita\u00e7\u00e3o.<\/p>\n<p>Os documentos ser\u00e3o aceitos somente nos formatos PDF, PNG ou JPG, no tamanho m\u00e1ximo de 2MB.<\/p>\n<p>Ap\u00f3s apresentar as informa\u00e7\u00f5es solicitadas, o participante dever\u00e1, ent\u00e3o, clicar no bot\u00e3o \u201cvisualizar\u201d e imprimir o formul\u00e1rio de solicita\u00e7\u00e3o.<\/p>\n<p>O Instituto Nacional de Estudos e Pesquisas Educacionais An\u00edsio Teixeira (Inep) orienta que os documentos devem ser leg\u00edveis para que n\u00e3o haja o risco de serem considerados inv\u00e1lidos para comprova\u00e7\u00e3o do atendimento.<\/p>\n<p>As solicita\u00e7\u00f5es que n\u00e3o forem aceitas poder\u00e3o ser consultadas na P\u00e1gina do Participante. Nesse caso, o candidato ser\u00e1 informado pelo e-mail cadastrado para que envie um novo documento comprobat\u00f3rio no prazo de cinco dias.<\/p>\n<p>No ano passado, 303 pessoas fizeram a solicita\u00e7\u00e3o para uso do nome social no Enem. O atendimento pelo nome com o qual a pessoa se identifica teve in\u00edcio no Enem de 2014, quando 102 pessoas usaram o nome social durante a aplica\u00e7\u00e3o da prova. Em 2015, esse n\u00famero passou para 278 e, em 2016, para 407.<\/p>\n<p>As provas do Enem ser\u00e3o aplicadas em dois domingos, nos dias 4 e\u00a011 de novembro. Os resultados ser\u00e3o divulgados em janeiro. As notas podem ser usadas para ingresso no ensino superior e para acesso a programas do governo federal como o Sistema de Sele\u00e7\u00e3o Unificada (Sisu), Programa Universidade para Todos (ProUni) e Fundo de Financiamento Estudantil (Fies).<\/p>\n<p><strong>CARIRI EM A\u00c7\u00c3O<\/strong><\/p>\n<p>Com Ag\u00eancia Brasil\/Foto: Reprodu\u00e7\u00e3o google<\/p>\n<p>Leia mais not\u00edcias em\u00a0<a href=\"http:\/\/www.caririemacao.com\/\">caririemacao.com<\/a>, siga nossa p\u00e1gina no\u00a0<a href=\"https:\/\/www.facebook.com\/CaririEmAcao\/?ref=aymt_homepage_panel\">Facebook<\/a>,\u00a0<a href=\"https:\/\/www.instagram.com\/cariri_em_acao\/?hl=pt-br\">Instagram<\/a>\u00a0e\u00a0<a href=\"https:\/\/www.youtube.com\/channel\/UCAptA0jQuYQy8vMhLt2m4qg\">Youtube<\/a>\u00a0e veja nossas mat\u00e9rias, v\u00eddeos e fotos. Voc\u00ea tamb\u00e9m pode enviar informa\u00e7\u00f5es \u00e0 Reda\u00e7\u00e3o do Portal Cariri em A\u00e7\u00e3o pelo WhatsApp (83) 9 9634.5791, (83) 9 9601-1162.<\/p>\n","protected":false},"excerpt":{"rendered":"<p>Transexuais e travestis t\u00eam at\u00e9 hoje (3) para solicitar a identifica\u00e7\u00e3o pelo nome social no Exame Nacional do Ensino M\u00e9dio (Enem). O pedido deve ser&hellip; <\/p>\n","protected":false},"author":2,"featured_media":6260,"comment_status":"closed","ping_status":"closed","sticky":false,"template":"","format":"standard","meta":{"sfsi_plus_gutenberg_text_before_share":"","sfsi_plus_gutenberg_show_text_before_share":"","sfsi_plus_gutenberg_icon_type":"","sfsi_plus_gutenberg_icon_alignemt":"","sfsi_plus_gutenburg_max_per_row":"","footnotes":""},"categories":[14],"tags":[],"class_list":["post-53108","post","type-post","status-publish","format-standard","has-post-thumbnail","hentry","category-educacao"],"_links":{"self":[{"href":"https:\/\/www.caririemacao.com\/1\/wp-json\/wp\/v2\/posts\/53108","targetHints":{"allow":["GET"]}}],"collection":[{"href":"https:\/\/www.caririemacao.com\/1\/wp-json\/wp\/v2\/posts"}],"about":[{"href":"https:\/\/www.caririemacao.com\/1\/wp-json\/wp\/v2\/types\/post"}],"author":[{"embeddable":true,"href":"https:\/\/www.caririemacao.com\/1\/wp-json\/wp\/v2\/users\/2"}],"replies":[{"embeddable":true,"href":"https:\/\/www.caririemacao.com\/1\/wp-json\/wp\/v2\/comments?post=53108"}],"version-history":[{"count":0,"href":"https:\/\/www.caririemacao.com\/1\/wp-json\/wp\/v2\/posts\/53108\/revisions"}],"wp:featuredmedia":[{"embeddable":true,"href":"https:\/\/www.caririemacao.com\/1\/wp-json\/wp\/v2\/media\/6260"}],"wp:attachment":[{"href":"https:\/\/www.caririemacao.com\/1\/wp-json\/wp\/v2\/media?parent=53108"}],"wp:term":[{"taxonomy":"category","embeddable":true,"href":"https:\/\/www.caririemacao.com\/1\/wp-json\/wp\/v2\/categories?post=53108"},{"taxonomy":"post_tag","embeddable":true,"href":"https:\/\/www.caririemacao.com\/1\/wp-json\/wp\/v2\/tags?post=53108"}],"curies":[{"name":"wp","href":"https:\/\/api.w.org\/{rel}","templated":true}]}}