{"id":53110,"date":"2018-06-03T11:04:46","date_gmt":"2018-06-03T14:04:46","guid":{"rendered":"http:\/\/caririemacao.com\/1\/?p=53110"},"modified":"2018-06-03T11:04:46","modified_gmt":"2018-06-03T14:04:46","slug":"governo-quer-acabar-com-reajustes-diarios-na-gasolina","status":"publish","type":"post","link":"https:\/\/www.caririemacao.com\/1\/2018\/06\/03\/governo-quer-acabar-com-reajustes-diarios-na-gasolina\/","title":{"rendered":"Governo quer acabar com reajustes di\u00e1rios na gasolina"},"content":{"rendered":"<p>Depois de congelar por 60 dias o valor do diesel, o governo estuda uma maneira de acabar com os reajustes di\u00e1rios tamb\u00e9m nos pre\u00e7os da gasolina, informa neste domingo o jornal O Globo.<\/p>\n<p>O aumento mais recente ocorreu ontem, o segundo em quatro dias, depois de cinco redu\u00e7\u00f5es consecutivas. Em um m\u00eas, o combust\u00edvel acumula alta de 11,3%.<\/p>\n<p>O objetivo, no entanto, \u00e9 n\u00e3o interferir na pol\u00edtica de pre\u00e7os da Petrobras.<\/p>\n<p>A inten\u00e7\u00e3o, ainda de acordo com o jornal, \u00e9 criar um mecanismo com uma esp\u00e9cie de tributa\u00e7\u00e3o flutuante, em que o imposto varia de acordo com o pre\u00e7o do petr\u00f3leo e a cota\u00e7\u00e3o do d\u00f3lar.<\/p>\n<p><strong>CARIRI EM A\u00c7\u00c3O<\/strong><\/p>\n<p>O globo com\u00a0<em>Paraibaonline<\/em>\/Foto:\u00a0<em>Paraibaonline<\/em><\/p>\n<p>Leia mais not\u00edcias em\u00a0<a href=\"http:\/\/www.caririemacao.com\/\">caririemacao.com<\/a>, siga nossa p\u00e1gina no\u00a0<a href=\"https:\/\/www.facebook.com\/CaririEmAcao\/?ref=aymt_homepage_panel\">Facebook<\/a>,\u00a0<a href=\"https:\/\/www.instagram.com\/cariri_em_acao\/?hl=pt-br\">Instagram<\/a>\u00a0e\u00a0<a href=\"https:\/\/www.youtube.com\/channel\/UCAptA0jQuYQy8vMhLt2m4qg\">Youtube<\/a>\u00a0e veja nossas mat\u00e9rias, v\u00eddeos e fotos. Voc\u00ea tamb\u00e9m pode enviar informa\u00e7\u00f5es \u00e0 Reda\u00e7\u00e3o do Portal Cariri em A\u00e7\u00e3o pelo WhatsApp (83) 9 9634.5791, (83) 9 9601-1162.<\/p>\n","protected":false},"excerpt":{"rendered":"<p>Depois de congelar por 60 dias o valor do diesel, o governo estuda uma maneira de acabar com os reajustes di\u00e1rios tamb\u00e9m nos pre\u00e7os da&hellip; <\/p>\n","protected":false},"author":2,"featured_media":53111,"comment_status":"closed","ping_status":"closed","sticky":false,"template":"","format":"standard","meta":{"sfsi_plus_gutenberg_text_before_share":"","sfsi_plus_gutenberg_show_text_before_share":"","sfsi_plus_gutenberg_icon_type":"","sfsi_plus_gutenberg_icon_alignemt":"","sfsi_plus_gutenburg_max_per_row":"","footnotes":""},"categories":[2],"tags":[],"class_list":["post-53110","post","type-post","status-publish","format-standard","has-post-thumbnail","hentry","category-geral"],"_links":{"self":[{"href":"https:\/\/www.caririemacao.com\/1\/wp-json\/wp\/v2\/posts\/53110","targetHints":{"allow":["GET"]}}],"collection":[{"href":"https:\/\/www.caririemacao.com\/1\/wp-json\/wp\/v2\/posts"}],"about":[{"href":"https:\/\/www.caririemacao.com\/1\/wp-json\/wp\/v2\/types\/post"}],"author":[{"embeddable":true,"href":"https:\/\/www.caririemacao.com\/1\/wp-json\/wp\/v2\/users\/2"}],"replies":[{"embeddable":true,"href":"https:\/\/www.caririemacao.com\/1\/wp-json\/wp\/v2\/comments?post=53110"}],"version-history":[{"count":0,"href":"https:\/\/www.caririemacao.com\/1\/wp-json\/wp\/v2\/posts\/53110\/revisions"}],"wp:featuredmedia":[{"embeddable":true,"href":"https:\/\/www.caririemacao.com\/1\/wp-json\/wp\/v2\/media\/53111"}],"wp:attachment":[{"href":"https:\/\/www.caririemacao.com\/1\/wp-json\/wp\/v2\/media?parent=53110"}],"wp:term":[{"taxonomy":"category","embeddable":true,"href":"https:\/\/www.caririemacao.com\/1\/wp-json\/wp\/v2\/categories?post=53110"},{"taxonomy":"post_tag","embeddable":true,"href":"https:\/\/www.caririemacao.com\/1\/wp-json\/wp\/v2\/tags?post=53110"}],"curies":[{"name":"wp","href":"https:\/\/api.w.org\/{rel}","templated":true}]}}