{"id":53113,"date":"2018-06-03T11:09:52","date_gmt":"2018-06-03T14:09:52","guid":{"rendered":"http:\/\/caririemacao.com\/1\/?p=53113"},"modified":"2018-06-03T11:09:52","modified_gmt":"2018-06-03T14:09:52","slug":"prf-nega-retorno-da-greve-dos-caminhoneiros-nesta-segunda","status":"publish","type":"post","link":"https:\/\/www.caririemacao.com\/1\/2018\/06\/03\/prf-nega-retorno-da-greve-dos-caminhoneiros-nesta-segunda\/","title":{"rendered":"PRF nega retorno da greve dos caminhoneiros nesta segunda"},"content":{"rendered":"<p>A Pol\u00edcia Rodovi\u00e1ria Federal (PRF) da Para\u00edba informou, neste domingo (03), que n\u00e3o existe nada confirmado com rela\u00e7\u00e3o a uma nova paralisa\u00e7\u00e3o de caminhoneiros nesta segunda-feira(04), como divulgado em algumas mensagens das redes sociais e aplicativos de celular. No entanto, adiantou que todos os \u00f3rg\u00e3os respons\u00e1veis pela interven\u00e7\u00e3o estar\u00e3o prontos para agir caso haja nova necessidade.<\/p>\n<p>Al\u00e9m disso, a PRF explicou que\u00a0vai manter o plant\u00e3o de acompanhamento do fluxo de ve\u00edculos e que poss\u00edveis problemas ser\u00e3o solucionados buscando a negocia\u00e7\u00e3o para resolver os conflitos. Por\u00e9m, aguarda o desenrolar dos acontecimentos.<\/p>\n<p>O ministro da Seguran\u00e7a P\u00fablica,\u00a0Raul Jungmann, afirmou neste s\u00e1bado (2) que s\u00e3o falsas as mensagens que t\u00eam circulado sobre uma nova greve.Segundo o ministro, os respons\u00e1veis por divulgar fake news ser\u00e3o punidos e os respons\u00e1veis por essas mensagens est\u00e3o sendo monitorados e ser\u00e3o punidos por promoverem a \u201cdesordem\u201d e \u201clevarem temor \u00e0 popula\u00e7\u00e3o\u201d.<\/p>\n<p>\u201cPosso assegurar que n\u00e3o existir\u00e1 paralisa\u00e7\u00e3o nacional nesta segunda feira. Isso \u00e9 fake news e n\u00e3o tem fundamento na realidade\u201d, afirmou.<\/p>\n<p><strong>Entenda<\/strong><\/p>\n<p>Ap\u00f3s 11 dias, o Pal\u00e1cio do Planalto deu como encerrada a paralisa\u00e7\u00e3o de caminhoneiros, que causou uma crise no abastecimento de combust\u00edveis, alimentos e outros produtos no Brasil, devido a uma s\u00e9rie de protestos que interditou alguns dos principais trechos das rodovias brasileiras.<\/p>\n<p>Para finalizar as manifesta\u00e7\u00f5es, o governo federal anunciou uma s\u00e9rie de medidas, como parte do acordo com os caminhoneiros para p\u00f4r fim \u00e0 greve, incluindo a redu\u00e7\u00e3o em R$ 0,46 no pre\u00e7o do litro do \u00f3leo diesel.<\/p>\n<p><strong>CARIRI EM A\u00c7\u00c3O<\/strong><\/p>\n<p>Com Mais PB\/Foto: Reprodu\u00e7\u00e3o Internet<\/p>\n<p>Leia mais not\u00edcias em\u00a0<a href=\"http:\/\/www.caririemacao.com\/\">caririemacao.com<\/a>, siga nossa p\u00e1gina no\u00a0<a href=\"https:\/\/www.facebook.com\/CaririEmAcao\/?ref=aymt_homepage_panel\">Facebook<\/a>,\u00a0<a href=\"https:\/\/www.instagram.com\/cariri_em_acao\/?hl=pt-br\">Instagram<\/a>\u00a0e\u00a0<a href=\"https:\/\/www.youtube.com\/channel\/UCAptA0jQuYQy8vMhLt2m4qg\">Youtube<\/a>\u00a0e veja nossas mat\u00e9rias, v\u00eddeos e fotos. Voc\u00ea tamb\u00e9m pode enviar informa\u00e7\u00f5es \u00e0 Reda\u00e7\u00e3o do Portal Cariri em A\u00e7\u00e3o pelo WhatsApp (83) 9 9634.5791, (83) 9 9601-1162.<\/p>\n","protected":false},"excerpt":{"rendered":"<p>A Pol\u00edcia Rodovi\u00e1ria Federal (PRF) da Para\u00edba informou, neste domingo (03), que n\u00e3o existe nada confirmado com rela\u00e7\u00e3o a uma nova paralisa\u00e7\u00e3o de caminhoneiros nesta&hellip; <\/p>\n","protected":false},"author":2,"featured_media":53114,"comment_status":"closed","ping_status":"closed","sticky":false,"template":"","format":"standard","meta":{"sfsi_plus_gutenberg_text_before_share":"","sfsi_plus_gutenberg_show_text_before_share":"","sfsi_plus_gutenberg_icon_type":"","sfsi_plus_gutenberg_icon_alignemt":"","sfsi_plus_gutenburg_max_per_row":"","footnotes":""},"categories":[2],"tags":[],"class_list":["post-53113","post","type-post","status-publish","format-standard","has-post-thumbnail","hentry","category-geral"],"_links":{"self":[{"href":"https:\/\/www.caririemacao.com\/1\/wp-json\/wp\/v2\/posts\/53113","targetHints":{"allow":["GET"]}}],"collection":[{"href":"https:\/\/www.caririemacao.com\/1\/wp-json\/wp\/v2\/posts"}],"about":[{"href":"https:\/\/www.caririemacao.com\/1\/wp-json\/wp\/v2\/types\/post"}],"author":[{"embeddable":true,"href":"https:\/\/www.caririemacao.com\/1\/wp-json\/wp\/v2\/users\/2"}],"replies":[{"embeddable":true,"href":"https:\/\/www.caririemacao.com\/1\/wp-json\/wp\/v2\/comments?post=53113"}],"version-history":[{"count":0,"href":"https:\/\/www.caririemacao.com\/1\/wp-json\/wp\/v2\/posts\/53113\/revisions"}],"wp:featuredmedia":[{"embeddable":true,"href":"https:\/\/www.caririemacao.com\/1\/wp-json\/wp\/v2\/media\/53114"}],"wp:attachment":[{"href":"https:\/\/www.caririemacao.com\/1\/wp-json\/wp\/v2\/media?parent=53113"}],"wp:term":[{"taxonomy":"category","embeddable":true,"href":"https:\/\/www.caririemacao.com\/1\/wp-json\/wp\/v2\/categories?post=53113"},{"taxonomy":"post_tag","embeddable":true,"href":"https:\/\/www.caririemacao.com\/1\/wp-json\/wp\/v2\/tags?post=53113"}],"curies":[{"name":"wp","href":"https:\/\/api.w.org\/{rel}","templated":true}]}}