{"id":53116,"date":"2018-06-03T11:13:16","date_gmt":"2018-06-03T14:13:16","guid":{"rendered":"http:\/\/caririemacao.com\/1\/?p=53116"},"modified":"2018-06-03T11:13:16","modified_gmt":"2018-06-03T14:13:16","slug":"brasil-enfrenta-croacia-antes-da-copa-do-mundo","status":"publish","type":"post","link":"https:\/\/www.caririemacao.com\/1\/2018\/06\/03\/brasil-enfrenta-croacia-antes-da-copa-do-mundo\/","title":{"rendered":"Brasil enfrenta Cro\u00e1cia antes da Copa do Mundo"},"content":{"rendered":"<p>A 11 dias do in\u00edcio da Copa do Mundo, a Sele\u00e7\u00e3o Brasileira vai a campo para o primeiro dos dois testes que ter\u00e1 antes de desembarcar na R\u00fassia. Neste domingo (03), \u00e0s 11h, o elenco do t\u00e9cnico Tite enfrenta a Cro\u00e1cia, no Anfield, em Liverpool, na Inglaterra.<\/p>\n<p>A partida marca o retorno oficial de Neymar ap\u00f3s a fratura no quinto metatarso do p\u00e9 direito em 25 de fevereiro e que o tirou do restante da temporada europeia pelo Paris Saint Germain. No entanto, o astro deve come\u00e7ar a partida no banco de reservas, pelo que indicou o treinador nos treinos da semana.<\/p>\n<p>Campe\u00f5es da Liga dos Campe\u00f5es pelo Real Madrid, na semana passada, Marcelo e Casemiro se juntaram ao elenco brasileiro apenas na quarta-feira, em Londres. Thiago Silva, na defesa, e Fernandinho, no meio de campo, devem ser as principais novidades entre os titulares. Para este confronto, a comiss\u00e3o t\u00e9cnica decidiu poupar o meia Renato Augusto, que sente dores no joelho esquerdo e tem a situa\u00e7\u00e3o monitorada de perto.<\/p>\n<p>Esse ser\u00e1 o quinto confronto diante da Cro\u00e1cia, e a Sele\u00e7\u00e3o Brasileira jamais perdeu. Foram dois jogos em Copas do Mundo. Em 2006, na Alemanha, vit\u00f3ria por 1 a 0. Em 2014, no Brasil, triunfo brasileiro por 3 a 1, na abertura do Mundial. Ainda houve dois amistosos que terminaram empatados por 1 a 1, em 1996 e 2005. O grupo de Tite tamb\u00e9m encara, no pr\u00f3ximo domingo, \u00e0s 11h, a \u00c1ustria, em Viena, no \u00faltimo teste antes da viagem a Sochi, no sul da R\u00fassia.<\/p>\n<p>Ap\u00f3s o amistoso, o grupo brasileiro retorna a Londres, onde dar\u00e1 sequ\u00eancia \u00e0 semana de treinamentos. Na sexta-feira, a equipe viaja a Viena, onde ir\u00e1 participar do pr\u00f3ximo amistoso. Depois deste duelo, o Brasil viaja para Sochi, na R\u00fassia, onde ficar\u00e1 concentrado.<\/p>\n<p><strong>FICHA T\u00c9CNICA<\/strong><\/p>\n<p><strong>BRASIL X CRO\u00c1CIA<\/strong><\/p>\n<p><strong>BRASIL<br \/>\n<\/strong>Alisson; Danilo, Miranda, Thiago Silva e Marcelo; Casemiro, Fernandinho e Paulinho; Willian, Coutinho e Gabriel Jesus.\u00a0<strong>T\u00e9cnico:<\/strong>\u00a0Tite.<\/p>\n<p><strong>CRO\u00c1CIA<br \/>\n<\/strong>Subasic; Vrsaljko, Corluka, Vida e Strinic; Rakitic, Modric, Brozovic e Perisic; Kalinic e Mandzukic.<\/p>\n<p><strong>T\u00e9cnico:<\/strong>\u00a0Zlatko Dalic<\/p>\n<p><strong>CARIRI EM A\u00c7\u00c3O<\/strong><\/p>\n<p>Com Di\u00e1rio Catarinense\u00a0Reprodu\u00e7\u00e3o Internet<\/p>\n<p>Leia mais not\u00edcias em\u00a0<a href=\"http:\/\/www.caririemacao.com\/\">caririemacao.com<\/a>, siga nossa p\u00e1gina no\u00a0<a href=\"https:\/\/www.facebook.com\/CaririEmAcao\/?ref=aymt_homepage_panel\">Facebook<\/a>,\u00a0<a href=\"https:\/\/www.instagram.com\/cariri_em_acao\/?hl=pt-br\">Instagram<\/a>\u00a0e\u00a0<a href=\"https:\/\/www.youtube.com\/channel\/UCAptA0jQuYQy8vMhLt2m4qg\">Youtube<\/a>\u00a0e veja nossas mat\u00e9rias, v\u00eddeos e fotos. Voc\u00ea tamb\u00e9m pode enviar informa\u00e7\u00f5es \u00e0 Reda\u00e7\u00e3o do Portal Cariri em A\u00e7\u00e3o pelo WhatsApp (83) 9 9634.5791, (83) 9 9601-1162.<\/p>\n","protected":false},"excerpt":{"rendered":"<p>A 11 dias do in\u00edcio da Copa do Mundo, a Sele\u00e7\u00e3o Brasileira vai a campo para o primeiro dos dois testes que ter\u00e1 antes de&hellip; <\/p>\n","protected":false},"author":2,"featured_media":52296,"comment_status":"closed","ping_status":"closed","sticky":false,"template":"","format":"standard","meta":{"sfsi_plus_gutenberg_text_before_share":"","sfsi_plus_gutenberg_show_text_before_share":"","sfsi_plus_gutenberg_icon_type":"","sfsi_plus_gutenberg_icon_alignemt":"","sfsi_plus_gutenburg_max_per_row":"","footnotes":""},"categories":[13],"tags":[],"class_list":["post-53116","post","type-post","status-publish","format-standard","has-post-thumbnail","hentry","category-esportes"],"_links":{"self":[{"href":"https:\/\/www.caririemacao.com\/1\/wp-json\/wp\/v2\/posts\/53116","targetHints":{"allow":["GET"]}}],"collection":[{"href":"https:\/\/www.caririemacao.com\/1\/wp-json\/wp\/v2\/posts"}],"about":[{"href":"https:\/\/www.caririemacao.com\/1\/wp-json\/wp\/v2\/types\/post"}],"author":[{"embeddable":true,"href":"https:\/\/www.caririemacao.com\/1\/wp-json\/wp\/v2\/users\/2"}],"replies":[{"embeddable":true,"href":"https:\/\/www.caririemacao.com\/1\/wp-json\/wp\/v2\/comments?post=53116"}],"version-history":[{"count":0,"href":"https:\/\/www.caririemacao.com\/1\/wp-json\/wp\/v2\/posts\/53116\/revisions"}],"wp:featuredmedia":[{"embeddable":true,"href":"https:\/\/www.caririemacao.com\/1\/wp-json\/wp\/v2\/media\/52296"}],"wp:attachment":[{"href":"https:\/\/www.caririemacao.com\/1\/wp-json\/wp\/v2\/media?parent=53116"}],"wp:term":[{"taxonomy":"category","embeddable":true,"href":"https:\/\/www.caririemacao.com\/1\/wp-json\/wp\/v2\/categories?post=53116"},{"taxonomy":"post_tag","embeddable":true,"href":"https:\/\/www.caririemacao.com\/1\/wp-json\/wp\/v2\/tags?post=53116"}],"curies":[{"name":"wp","href":"https:\/\/api.w.org\/{rel}","templated":true}]}}