{"id":53121,"date":"2018-06-03T11:25:18","date_gmt":"2018-06-03T14:25:18","guid":{"rendered":"http:\/\/caririemacao.com\/1\/?p=53121"},"modified":"2018-06-03T11:25:18","modified_gmt":"2018-06-03T14:25:18","slug":"eleitores-do-tocantins-vao-as-urnas-para-eleger-novo-governador","status":"publish","type":"post","link":"https:\/\/www.caririemacao.com\/1\/2018\/06\/03\/eleitores-do-tocantins-vao-as-urnas-para-eleger-novo-governador\/","title":{"rendered":"Eleitores do Tocantins v\u00e3o \u00e0s urnas para eleger novo governador"},"content":{"rendered":"<p>Eleitores do estado do\u00a0Tocantins\u00a0escolhem neste domingo, 3, um novo governador. Tamb\u00e9m voltam \u00e0s urnas moradores de 20 munic\u00edpios em nove estados brasileiros para eleger prefeitos e vices. De acordo com o Tribunal Superior Eleitoral (TSE), s\u00e3o esperados cerca de 1,5 milh\u00e3o de votantes.<\/p>\n<p>As elei\u00e7\u00f5es suplementares ocorrem ap\u00f3s\u00a0decis\u00f5es da Justi\u00e7a Eleitoral de afastar os mandat\u00e1rios anteriores dos cargos por indeferimento do registro de candidatura ou cassa\u00e7\u00e3o do mandato. No caso de Tocantins, o TSE\u00a0cassou os mandatos do ex-governador\u00a0Marcelo Miranda\u00a0(MDB) e de sua vice, Cl\u00e1udia L\u00e9lis (PV), h\u00e1 pouco mais de dois meses, por arrecada\u00e7\u00e3o il\u00edcita de recursos para a campanha de 2014.<\/p>\n<p>Entre os concorrentes para o mandato-tamp\u00e3o no Tocantins est\u00e3o o presidente da Assembleia Legislativa de Tocantins e governador interino,\u00a0Mauro Carlesse\u00a0(PHS), o ex-prefeito de Palmas e empres\u00e1rio\u00a0Carlos Amastha\u00a0(PSB), a senadora\u00a0K\u00e1tia Abreu\u00a0(PDT), o senador\u00a0Vicentinho Alves\u00a0(PR), o ex-juiz eleitoral\u00a0M\u00e1rlon Reis\u00a0(Rede), o\u00a0procurador da Rep\u00fablica\u00a0M\u00e1rio L\u00facio Avelar\u00a0(PSOL) e\u00a0Marcos de Souza Costa\u00a0(PRTB).<\/p>\n<p>Segundo o TSE, os munic\u00edpios que ter\u00e3o novas elei\u00e7\u00f5es para prefeito e vice s\u00e3o: Jeremoabo (BA), Pirapora do Bom Jesus, Bariri e Turmalina (SP), Umari, Tiangu\u00e1, Frecheirinha e Santana do Cariri (CE), Teres\u00f3polis (RJ), Bom Jesus (RS), Niquel\u00e2ndia (GO), Vilhena (RO), Guanh\u00e3es, Ipatinga e Pocrane (MG), Jo\u00e3o C\u00e2mara, Pedro Avelino, S\u00e3o Jos\u00e9 do Campestre, Parazinho e Galinhos (RN).<\/p>\n<p>Em todas as cidades onde haver\u00e1 pleito eleitoral, as vota\u00e7\u00f5es ocorrem\u00a0das 8h \u00e0s 17h, no hor\u00e1rio local.<\/p>\n<p><strong>CARIRI EM A\u00c7\u00c3O<\/strong><\/p>\n<p>Com Veja\/Foto: Reprodu\u00e7\u00e3o Internet, Divulga\u00e7\u00e3o<\/p>\n<p>Leia mais not\u00edcias em\u00a0<a href=\"http:\/\/www.caririemacao.com\/\">caririemacao.com<\/a>, siga nossa p\u00e1gina no\u00a0<a href=\"https:\/\/www.facebook.com\/CaririEmAcao\/?ref=aymt_homepage_panel\">Facebook<\/a>,\u00a0<a href=\"https:\/\/www.instagram.com\/cariri_em_acao\/?hl=pt-br\">Instagram<\/a>\u00a0e\u00a0<a href=\"https:\/\/www.youtube.com\/channel\/UCAptA0jQuYQy8vMhLt2m4qg\">Youtube<\/a>\u00a0e veja nossas mat\u00e9rias, v\u00eddeos e fotos. Voc\u00ea tamb\u00e9m pode enviar informa\u00e7\u00f5es \u00e0 Reda\u00e7\u00e3o do Portal Cariri em A\u00e7\u00e3o pelo WhatsApp (83) 9 9634.5791, (83) 9 9601-1162.<\/p>\n<div id=\"VideoDiv4\">\n<div id=\"VideoWidget\">\n<div class=\"xnetvidplayer\" tabindex=\"0\" data-aop=\"xnet-mod\" data-id=\"99\" data-m=\"{&quot;i&quot;:99,&quot;p&quot;:98,&quot;n&quot;:&quot;xnet-mod&quot;,&quot;y&quot;:8,&quot;o&quot;:1}\" aria-label=\"V\u00eddeo 'Novo governo da Catalunha toma posse' \"><\/div>\n<\/div>\n<\/div>\n","protected":false},"excerpt":{"rendered":"<p>Eleitores do estado do\u00a0Tocantins\u00a0escolhem neste domingo, 3, um novo governador. Tamb\u00e9m voltam \u00e0s urnas moradores de 20 munic\u00edpios em nove estados brasileiros para eleger prefeitos&hellip; <\/p>\n","protected":false},"author":2,"featured_media":53122,"comment_status":"closed","ping_status":"closed","sticky":false,"template":"","format":"standard","meta":{"sfsi_plus_gutenberg_text_before_share":"","sfsi_plus_gutenberg_show_text_before_share":"","sfsi_plus_gutenberg_icon_type":"","sfsi_plus_gutenberg_icon_alignemt":"","sfsi_plus_gutenburg_max_per_row":"","footnotes":""},"categories":[1],"tags":[],"class_list":["post-53121","post","type-post","status-publish","format-standard","has-post-thumbnail","hentry","category-o-site"],"_links":{"self":[{"href":"https:\/\/www.caririemacao.com\/1\/wp-json\/wp\/v2\/posts\/53121","targetHints":{"allow":["GET"]}}],"collection":[{"href":"https:\/\/www.caririemacao.com\/1\/wp-json\/wp\/v2\/posts"}],"about":[{"href":"https:\/\/www.caririemacao.com\/1\/wp-json\/wp\/v2\/types\/post"}],"author":[{"embeddable":true,"href":"https:\/\/www.caririemacao.com\/1\/wp-json\/wp\/v2\/users\/2"}],"replies":[{"embeddable":true,"href":"https:\/\/www.caririemacao.com\/1\/wp-json\/wp\/v2\/comments?post=53121"}],"version-history":[{"count":0,"href":"https:\/\/www.caririemacao.com\/1\/wp-json\/wp\/v2\/posts\/53121\/revisions"}],"wp:featuredmedia":[{"embeddable":true,"href":"https:\/\/www.caririemacao.com\/1\/wp-json\/wp\/v2\/media\/53122"}],"wp:attachment":[{"href":"https:\/\/www.caririemacao.com\/1\/wp-json\/wp\/v2\/media?parent=53121"}],"wp:term":[{"taxonomy":"category","embeddable":true,"href":"https:\/\/www.caririemacao.com\/1\/wp-json\/wp\/v2\/categories?post=53121"},{"taxonomy":"post_tag","embeddable":true,"href":"https:\/\/www.caririemacao.com\/1\/wp-json\/wp\/v2\/tags?post=53121"}],"curies":[{"name":"wp","href":"https:\/\/api.w.org\/{rel}","templated":true}]}}