{"id":53131,"date":"2018-06-03T12:14:55","date_gmt":"2018-06-03T15:14:55","guid":{"rendered":"http:\/\/caririemacao.com\/1\/?p=53131"},"modified":"2018-06-03T12:14:55","modified_gmt":"2018-06-03T15:14:55","slug":"quase-70-motoristas-sao-autuados-por-embriaguez-no-mes-de-maio","status":"publish","type":"post","link":"https:\/\/www.caririemacao.com\/1\/2018\/06\/03\/quase-70-motoristas-sao-autuados-por-embriaguez-no-mes-de-maio\/","title":{"rendered":"Quase 70 motoristas s\u00e3o autuados por embriaguez no m\u00eas de maio"},"content":{"rendered":"<div class=\"mc-column content-text active-extra-styles active-capital-letter\" data-block-type=\"unstyled\" data-block-weight=\"43\" data-block-id=\"2\">\n<p class=\"content-text__container theme-color-primary-first-letter\" data-track-category=\"Link no Texto\" data-track-links=\"\">os 924 testes de baf\u00f4metros realizados no m\u00eas de maio, pelo Departamento Estadual de Tr\u00e2nito (Detran-PB), 67 motoristas foram autuados por alcoolemia, por meio da Opera\u00e7\u00e3o Lei Seca. O n\u00famero corresponde a mais de dois condutores autuados por dia por embriaguez ao volante.<\/p>\n<\/div>\n<div class=\"wall\">\n<div class=\"mc-column content-text active-extra-styles \" data-block-type=\"unstyled\" data-block-weight=\"55\" data-block-id=\"3\">\n<p class=\"content-text__container \" data-track-category=\"Link no Texto\" data-track-links=\"\">A opera\u00e7\u00e3o tamb\u00e9m autuou 74 condutores pela pr\u00e1tica de outras infra\u00e7\u00f5es ao C\u00f3digo de Tr\u00e2nsito Brasileiro (CTB). Segundo o balan\u00e7o divulgado pela Divis\u00e3o de Policiamento do \u00f3rg\u00e3o, 59 carteiras de habilita\u00e7\u00e3o (CNHs) apreendidas, n\u00famero j\u00e1 superior ao m\u00eas de abril, quando 56 carteiras foram recolhidas. Al\u00e9m disso, 24 ve\u00edculos foram removidos ao p\u00e1tio do Detran.<\/p>\n<\/div>\n<div class=\"mc-column content-text active-extra-styles \" data-block-type=\"unstyled\" data-block-weight=\"70\" data-block-id=\"4\">\n<p class=\"content-text__container \" data-track-category=\"Link no Texto\" data-track-links=\"\">O chefe da Divis\u00e3o de Policiamento e coordenador da Opera\u00e7\u00e3o Lei Seca, major Edmilson Castro, chama a aten\u00e7\u00e3o dos condutores para a import\u00e2ncia de se cumprir o CTB. &#8220;Por mais que tenhamos trabalhado no sentido de conscientizar o cidad\u00e3o condutor de ve\u00edculo para se cumprir o C\u00f3digo de Tr\u00e2nsito, principalmente no que se refere \u00e0 embriaguez ao volante, muitos condutores ainda foram flagrados dirigindo sob o efeito de \u00e1lcool\u201d, destacou.<\/p>\n<\/div>\n<div class=\"mc-column content-text active-extra-styles \" data-block-type=\"unstyled\" data-block-weight=\"63\" data-block-id=\"5\">\n<p class=\"content-text__container \" data-track-category=\"Link no Texto\" data-track-links=\"\">O n\u00famero de motorista flagrados dirigindo sob efeito de \u00e1lcool no tr\u00e2nsito da Para\u00edba, no entanto, tem apresentado melhora. Segundo os dados do Departamento de Tr\u00e2nsito da Para\u00edba (Detran-PB), nos primeiros quatro meses do anos, 4,9% dos testes de baf\u00f4metros realizados comprovaram a ingest\u00e3o de \u00e1lcool pelo motorista, que foram autuados. Em n\u00famero absolutos, a queda aparece nos meses de mar\u00e7o e abril.<\/p>\n<\/div>\n<\/div>\n<div data-track-category=\"fim do conteudo\" data-track-action=\"ultimo chunk conteudo\" data-track-noninteraction=\"false\" data-track-scroll=\"entrada completa viewport\">\n<div class=\"mc-column content-text active-extra-styles \" data-block-type=\"unstyled\" data-block-weight=\"48\" data-block-id=\"6\">\n<p class=\"content-text__container \" data-track-category=\"Link no Texto\" data-track-links=\"\">No entanto, em n\u00fameros absolutos, ainda \u00e9 necess\u00e1rio se preocupar, j\u00e1 que existe uma m\u00e9dia de 85 motoristas autuados por m\u00eas. \u201cIsso nos preocupa ainda, porque em n\u00fameros absolutos, a cada blitz que a gente faz, em m\u00e9dia 100 motoristas s\u00e3o flagrados sob o efeito de \u00e1lcool\u201d, pontuou.<\/p>\n<p><strong>CARIRI EM A\u00c7\u00c3O<\/strong><\/p>\n<p>Com G1 Foto: Reprodu\u00e7\u00e3o Internet<\/p>\n<p>Leia mais not\u00edcias em\u00a0<a href=\"http:\/\/www.caririemacao.com\/\">caririemacao.com<\/a>, siga nossa p\u00e1gina no\u00a0<a href=\"https:\/\/www.facebook.com\/CaririEmAcao\/?ref=aymt_homepage_panel\">Facebook<\/a>,\u00a0<a href=\"https:\/\/www.instagram.com\/cariri_em_acao\/?hl=pt-br\">Instagram<\/a>\u00a0e\u00a0<a href=\"https:\/\/www.youtube.com\/channel\/UCAptA0jQuYQy8vMhLt2m4qg\">Youtube<\/a>\u00a0e veja nossas mat\u00e9rias, v\u00eddeos e fotos. Voc\u00ea tamb\u00e9m pode enviar informa\u00e7\u00f5es \u00e0 Reda\u00e7\u00e3o do Portal Cariri em A\u00e7\u00e3o pelo WhatsApp (83) 9 9634.5791, (83) 9 9601-1162.<\/p>\n<\/div>\n<\/div>\n","protected":false},"excerpt":{"rendered":"<p>os 924 testes de baf\u00f4metros realizados no m\u00eas de maio, pelo Departamento Estadual de Tr\u00e2nito (Detran-PB), 67 motoristas foram autuados por alcoolemia, por meio da&hellip; <\/p>\n","protected":false},"author":2,"featured_media":53132,"comment_status":"closed","ping_status":"closed","sticky":false,"template":"","format":"standard","meta":{"sfsi_plus_gutenberg_text_before_share":"","sfsi_plus_gutenberg_show_text_before_share":"","sfsi_plus_gutenberg_icon_type":"","sfsi_plus_gutenberg_icon_alignemt":"","sfsi_plus_gutenburg_max_per_row":"","footnotes":""},"categories":[2],"tags":[],"class_list":["post-53131","post","type-post","status-publish","format-standard","has-post-thumbnail","hentry","category-geral"],"_links":{"self":[{"href":"https:\/\/www.caririemacao.com\/1\/wp-json\/wp\/v2\/posts\/53131","targetHints":{"allow":["GET"]}}],"collection":[{"href":"https:\/\/www.caririemacao.com\/1\/wp-json\/wp\/v2\/posts"}],"about":[{"href":"https:\/\/www.caririemacao.com\/1\/wp-json\/wp\/v2\/types\/post"}],"author":[{"embeddable":true,"href":"https:\/\/www.caririemacao.com\/1\/wp-json\/wp\/v2\/users\/2"}],"replies":[{"embeddable":true,"href":"https:\/\/www.caririemacao.com\/1\/wp-json\/wp\/v2\/comments?post=53131"}],"version-history":[{"count":0,"href":"https:\/\/www.caririemacao.com\/1\/wp-json\/wp\/v2\/posts\/53131\/revisions"}],"wp:featuredmedia":[{"embeddable":true,"href":"https:\/\/www.caririemacao.com\/1\/wp-json\/wp\/v2\/media\/53132"}],"wp:attachment":[{"href":"https:\/\/www.caririemacao.com\/1\/wp-json\/wp\/v2\/media?parent=53131"}],"wp:term":[{"taxonomy":"category","embeddable":true,"href":"https:\/\/www.caririemacao.com\/1\/wp-json\/wp\/v2\/categories?post=53131"},{"taxonomy":"post_tag","embeddable":true,"href":"https:\/\/www.caririemacao.com\/1\/wp-json\/wp\/v2\/tags?post=53131"}],"curies":[{"name":"wp","href":"https:\/\/api.w.org\/{rel}","templated":true}]}}