{"id":53134,"date":"2018-06-03T12:17:47","date_gmt":"2018-06-03T15:17:47","guid":{"rendered":"http:\/\/caririemacao.com\/1\/?p=53134"},"modified":"2018-06-03T12:17:47","modified_gmt":"2018-06-03T15:17:47","slug":"lula-rejeita-transferencia-para-presidio-onde-estao-cunha-e-vaccari","status":"publish","type":"post","link":"https:\/\/www.caririemacao.com\/1\/2018\/06\/03\/lula-rejeita-transferencia-para-presidio-onde-estao-cunha-e-vaccari\/","title":{"rendered":"Lula rejeita transfer\u00eancia para pres\u00eddio onde est\u00e3o Cunha e Vaccari"},"content":{"rendered":"<p>A not\u00edcia que chegou aos petistas era de que o confinamento em um quarto adaptado como cela, no pr\u00e9dio da Pol\u00edcia Federal, em Curitiba, estava afetando o humor do ex-presidente Lula. Acostumado a debater pol\u00edtica e discursar para multid\u00f5es, o petista est\u00e1 limitado a conversar com os poucos amigos e familiares que fazem visitas semanais -fora as consultas com os advogados.<\/p>\n<p>Um visitante, por\u00e9m, teve uma surpresa ao abrir a porta do aposento do quarto andar da Superintend\u00eancia da PF. Lula, em p\u00e9, contava uma hist\u00f3ria a um policial que, sentado na beirada da cama do petista, ouvia com os olhos vidrados.<\/p>\n<p>A hist\u00f3ria que retrata o ex-presidente falante, como era de costume, n\u00e3o desmente, por\u00e9m, que ele esteja com o \u00e2nimo abalado. Pessoas do c\u00edrculo de Lula e tamb\u00e9m policiais dizem que ele anda irritado.<\/p>\n<p>Amigos aconselharam Lula a pedir transfer\u00eancia para o Complexo M\u00e9dico Penal (CMP), em Pinhais (PR), que abriga outros presos da Lava Jato. A mudan\u00e7a foi inclusive sugerida pelo ex-ministro Jos\u00e9 Dirceu, em entrevista \u00e0 Folha de S.Paulo. Dirceu, que j\u00e1 cumpriu pena no CMP, disse que l\u00e1 o ex-presidente conviveria com outros presos, o que seria bom para ele.<\/p>\n<p>Lula refutou a possibilidade. N\u00e3o por avaliar que o pres\u00eddio fosse inadequado, mas porque, ao fazer qualquer solicita\u00e7\u00e3o, estaria admitindo a condena\u00e7\u00e3o imposta pelos ju\u00edzes da Lava Jato.<\/p>\n<p>Em outro gesto simb\u00f3lico, o ex-presidente recusou-se a receber alimentos de fora da pris\u00e3o, uma oferta dos familiares e dos advogados. O petista segue a mesma dieta dos outros presos da carceragem.<\/p>\n<p>Com tempo sobrando, Lula dedica boa parte do dia a escrever cartas. Coloca no papel sua avalia\u00e7\u00e3o sobre o pa\u00eds e recado a familiares. Entrega a papelada para os advogados, que depois distribuem para os destinat\u00e1rios.<\/p>\n<p>O quarto onde o petista vive n\u00e3o fica com a porta trancada. Mesmo assim, Lula s\u00f3 sai de l\u00e1 para as duas horas de banho de sol, numa varanda do pr\u00e9dio. Os agentes entram sempre para levar a ele \u00e1gua gelada ou ouvir as hist\u00f3rias do ex-presidente.<\/p>\n<p><strong>CARIRI EM A\u00c7\u00c3O<\/strong><\/p>\n<p>Com Folhapress\/Foto: Reprodu\u00e7\u00e3o Internet<\/p>\n<p>Leia mais not\u00edcias em\u00a0<a href=\"http:\/\/www.caririemacao.com\/\">caririemacao.com<\/a>, siga nossa p\u00e1gina no\u00a0<a href=\"https:\/\/www.facebook.com\/CaririEmAcao\/?ref=aymt_homepage_panel\">Facebook<\/a>,\u00a0<a href=\"https:\/\/www.instagram.com\/cariri_em_acao\/?hl=pt-br\">Instagram<\/a>\u00a0e\u00a0<a href=\"https:\/\/www.youtube.com\/channel\/UCAptA0jQuYQy8vMhLt2m4qg\">Youtube<\/a>\u00a0e veja nossas mat\u00e9rias, v\u00eddeos e fotos. Voc\u00ea tamb\u00e9m pode enviar informa\u00e7\u00f5es \u00e0 Reda\u00e7\u00e3o do Portal Cariri em A\u00e7\u00e3o pelo WhatsApp (83) 9 9634.5791, (83) 9 9601-1162.<\/p>\n","protected":false},"excerpt":{"rendered":"<p>A not\u00edcia que chegou aos petistas era de que o confinamento em um quarto adaptado como cela, no pr\u00e9dio da Pol\u00edcia Federal, em Curitiba, estava&hellip; <\/p>\n","protected":false},"author":2,"featured_media":48143,"comment_status":"closed","ping_status":"closed","sticky":false,"template":"","format":"standard","meta":{"sfsi_plus_gutenberg_text_before_share":"","sfsi_plus_gutenberg_show_text_before_share":"","sfsi_plus_gutenberg_icon_type":"","sfsi_plus_gutenberg_icon_alignemt":"","sfsi_plus_gutenburg_max_per_row":"","footnotes":""},"categories":[11],"tags":[],"class_list":["post-53134","post","type-post","status-publish","format-standard","has-post-thumbnail","hentry","category-politica"],"_links":{"self":[{"href":"https:\/\/www.caririemacao.com\/1\/wp-json\/wp\/v2\/posts\/53134","targetHints":{"allow":["GET"]}}],"collection":[{"href":"https:\/\/www.caririemacao.com\/1\/wp-json\/wp\/v2\/posts"}],"about":[{"href":"https:\/\/www.caririemacao.com\/1\/wp-json\/wp\/v2\/types\/post"}],"author":[{"embeddable":true,"href":"https:\/\/www.caririemacao.com\/1\/wp-json\/wp\/v2\/users\/2"}],"replies":[{"embeddable":true,"href":"https:\/\/www.caririemacao.com\/1\/wp-json\/wp\/v2\/comments?post=53134"}],"version-history":[{"count":0,"href":"https:\/\/www.caririemacao.com\/1\/wp-json\/wp\/v2\/posts\/53134\/revisions"}],"wp:featuredmedia":[{"embeddable":true,"href":"https:\/\/www.caririemacao.com\/1\/wp-json\/wp\/v2\/media\/48143"}],"wp:attachment":[{"href":"https:\/\/www.caririemacao.com\/1\/wp-json\/wp\/v2\/media?parent=53134"}],"wp:term":[{"taxonomy":"category","embeddable":true,"href":"https:\/\/www.caririemacao.com\/1\/wp-json\/wp\/v2\/categories?post=53134"},{"taxonomy":"post_tag","embeddable":true,"href":"https:\/\/www.caririemacao.com\/1\/wp-json\/wp\/v2\/tags?post=53134"}],"curies":[{"name":"wp","href":"https:\/\/api.w.org\/{rel}","templated":true}]}}