{"id":53136,"date":"2018-06-03T12:21:43","date_gmt":"2018-06-03T15:21:43","guid":{"rendered":"http:\/\/caririemacao.com\/1\/?p=53136"},"modified":"2018-06-03T12:21:43","modified_gmt":"2018-06-03T15:21:43","slug":"fhc-admite-golpe-contra-dilma-e-aponta-que-temer-chegou-ao-fim","status":"publish","type":"post","link":"https:\/\/www.caririemacao.com\/1\/2018\/06\/03\/fhc-admite-golpe-contra-dilma-e-aponta-que-temer-chegou-ao-fim\/","title":{"rendered":"FHC ADMITE GOLPE CONTRA DILMA E APONTA QUE TEMER CHEGOU AO FIM"},"content":{"rendered":"<p>Respons\u00e1vel por indicar Pedro Parente para executar o desmonte da Petrobras, o ex-presidente Fernando Henrique Cardoso afirma que o governo de Michel Temer acabou.<\/p>\n<p>&#8220;Dificilmente o governo atual, dada a sua origem e o encrespamento pol\u00edtico havido, conseguir\u00e1 pouco mais do que colocar esparadrapos nas feridas. Nada de significativo ser\u00e1 alcan\u00e7ado sem que uma lideran\u00e7a embasada no voto e crente na democracia seja capaz de dar resposta aos atuais desafios econ\u00f4micos e morais&#8221;, diz FHC em artigo neste domingo, 3, no jornal O Estado de S. Paulo.<\/p>\n<p>Traduzindo, o tucano reconhece que Temer \u00e9 ileg\u00edtimo e resultado de um golpe. Ou como diz ele, de um &#8220;impeachment baseado em arranh\u00f5es de normas constitucionais&#8221;.<\/p>\n<p>Leia, abaixo o artigo na \u00edntegra:<\/p>\n<p><strong>Decifra-me ou te devoro<\/strong><\/p>\n<p>A semana que acabou ontem foi plena de tens\u00e3o, demonstrando a quem n\u00e3o percebera antes a profundidade das dissens\u00f5es que v\u00eam de h\u00e1 muito tempo<\/p>\n<p>A semana que acabou ontem foi plena de tens\u00e3o, demonstrando a quem n\u00e3o percebera antes a profundidade das dissens\u00f5es que v\u00eam de h\u00e1 muito tempo. As incongru\u00eancias da pol\u00edtica econ\u00f4mica dos governos de Lula e Dilma, em sua fase final, j\u00e1 haviam levado a economia \u00e0 paralisa\u00e7\u00e3o e o sistema pol\u00edtico a deixar de processar decis\u00f5es. Da\u00ed o impeachment do \u00faltimo governo, ainda que baseado em arranh\u00f5es de normas constitucionais.<\/p>\n<p>Todo impeachment \u00e9 traum\u00e1tico. Fui ministro de um governo que resultou de um impeachment, o do presidente Itamar Franco. Este, com sabedoria, percebeu logo que precisaria de um Minist\u00e9rio representativo do conjunto das for\u00e7as pol\u00edticas. Como o PT, que apoiara o impeachment do presidente Collor, se recusava a assumir responsabilidades de governo (com olho eleitoral), Itamar conseguiu a aceita\u00e7\u00e3o de uma pasta por Luiza Erundina, ent\u00e3o no PT. Mesmo eu, eleito presidente por maioria absoluta no primeiro turno sem precisar buscar o apoio do PT, tive como um de meus ministros um ex-secret\u00e1rio-geral do PT.<\/p>\n<p>De l\u00e1 para c\u00e1 os tempos mudaram. A possibilidade de algum tipo de conviv\u00eancia democr\u00e1tica, facilitada pela estabiliza\u00e7\u00e3o econ\u00f4mica gra\u00e7as ao Plano Real, que tornou a popula\u00e7\u00e3o menos antigoverno quando viu em marcha uma pol\u00edtica econ\u00f4mica que beneficiaria a todos, foi substitu\u00edda por um estilo de pol\u00edtica baseado no &#8220;n\u00f3s&#8221;, os supostamente bons, e &#8220;eles&#8221;, os maus. Isso somado ao descalabro das contas p\u00fablicas herdado pelo governo atual, mais o desemprego facilitado pela desordem financeira governamental, levou a uma exacerba\u00e7\u00e3o das demandas e \u00e0 desmoraliza\u00e7\u00e3o dos partidos. A Lava Jato, ao desnudar as bases apodrecidas do financiamento partid\u00e1rio pelo uso da m\u00e1quina estatal em coniv\u00eancia com empresas para extrair dinheiro p\u00fablico em obras sobrefaturadas (al\u00e9m do enriquecimento pessoal), desconectou a sociedade das institui\u00e7\u00f5es pol\u00edticas e desnudou a degeneresc\u00eancia em que o Pa\u00eds vivia.<\/p>\n<p>A dita &#8220;greve&#8221; dos caminhoneiros veio servir uma vez mais para igni\u00e7\u00e3o de algo que estava j\u00e1 com gasolina derramada: produziu um cont\u00e1gio com a sociedade, que, sem saber bem das causas e da razoabilidade ou n\u00e3o do protesto, aderiu, caladamente, \u00e0 paralisa\u00e7\u00e3o ocorrida. S\u00f3 quando seus efeitos no abastecimento de combust\u00edveis e de bens essenciais ao consumo e mesmo \u00e0 vida, no caso dos hospitais, se tornaram patentes houve a aceita\u00e7\u00e3o, tamb\u00e9m t\u00e1cita, da necessidade de uma a\u00e7\u00e3o mais en\u00e9rgica para retomar a normalidade.<\/p>\n<p>Mas que ningu\u00e9m se engane: \u00e9 uma normalidade aparente. As causas da insatisfa\u00e7\u00e3o continuam, tanto as econ\u00f4micas como as pol\u00edticas, que levam na melhor das hip\u00f3teses \u00e0 absten\u00e7\u00e3o eleitoral e ao rep\u00fadio de &#8220;tudo o que a\u00ed est\u00e1&#8221;. Portanto, o governo e as elites pol\u00edticas, de esquerda, do centro ou da direita, que se cuidem, a crise \u00e9 profunda. Assim como o governo Itamar buscou sinais de coes\u00e3o pol\u00edtica e deu resposta aos desafios econ\u00f4micos do per\u00edodo, urge agora algo semelhante.<\/p>\n<p>Dificilmente o governo atual, dada a sua origem e o encrespamento pol\u00edtico havido, conseguir\u00e1 pouco mais do que colocar esparadrapos nas feridas. Nada de significativo ser\u00e1 alcan\u00e7ado sem que uma lideran\u00e7a embasada no voto e crente na democracia seja capaz de dar resposta aos atuais desafios econ\u00f4micos e morais. N\u00e3o h\u00e1 milagres, o sistema democr\u00e1tico-representativo n\u00e3o se baseia na &#8220;uni\u00e3o pol\u00edtica&#8221;, sen\u00e3o que na diverg\u00eancia dirimida pelas urnas. S\u00f3 sairemos da enrascada se a nova lideran\u00e7a for capaz de apelar para o que possa unir a Na\u00e7\u00e3o: finan\u00e7as p\u00fablicas saud\u00e1veis e pol\u00edticas adequadas, taxas razo\u00e1veis de crescimento que gerem emprego, confian\u00e7a e dec\u00eancia na vida p\u00fablica.<\/p>\n<p>\u00c9 por isso que h\u00e1 algum tempo venho pregando a uni\u00e3o entre os setores progressistas (que entendam o mundo e a sociedade contempor\u00e2neos), que tenham uma inclina\u00e7\u00e3o popular (que saibam que, al\u00e9m do emprego, \u00e9 preciso reduzir as desigualdades), que se deem conta de que o mundo n\u00e3o mais funciona top\/down, mas que &#8220;os de baixo&#8221; s\u00e3o parte do conjunto que forma a Na\u00e7\u00e3o, e que, em vez de se proporem a &#8220;salvar a p\u00e1tria&#8221;, devem conduzi-la no rumo que atenda, democraticamente, com liberdade, aos interesses do povo e do Pa\u00eds.<\/p>\n<p>N\u00e3o se trata de formar uma alian\u00e7a eleitoral apenas, muito menos de fortalecer o dito &#8220;centr\u00e3o&#8221;, um conjunto de siglas que mais querem o poder para se assenhorearem de vantagens do que se unir por um programa para o Pa\u00eds. Nas democracias \u00e9 natural que os partidos divirjam quando as elei\u00e7\u00f5es majorit\u00e1rias se d\u00e3o em dois turnos, quando os &#8220;blocos sociais e pol\u00edticos&#8221; podem ter mais de uma express\u00e3o partid\u00e1ria. Mas \u00e9 preciso criar um clima que permita converg\u00eancia. E, uma vez no caminho e no exerc\u00edcio do poder, quem represente esse &#8220;bloco&#8221; precisar\u00e1 ter a sensibilidade necess\u00e1ria para unir os que dele se aproximam e afastar o risco maior: o do populismo, principalmente quando j\u00e1 vem abertamente revestido de um formato autorit\u00e1rio.<\/p>\n<p>Na quadra atual, entre o desemprego e a viol\u00eancia cada vez mais assustadora do crime organizado, a perda de confian\u00e7a nas institui\u00e7\u00f5es \u00e9 um incentivo ao autoritarismo. O bloco proposto deve se opor abertamente a isso. N\u00e3o basta defender a democracia e as institui\u00e7\u00f5es, \u00e9 preciso torn\u00e1-las facilitadoras da obten\u00e7\u00e3o das demandas do povo, saber governar, n\u00e3o ser leniente com a corrup\u00e7\u00e3o e entender que sem as novas tecnologias n\u00e3o h\u00e1 como atender \u00e0s demandas populares crescentes. E, principalmente, criar um clima de confian\u00e7a que permita investimento e difundir a no\u00e7\u00e3o de que num mundo globalizado de pouco vale dar as costas a ele.<\/p>\n<p>Tudo isso requer lideran\u00e7a e &#8220;fulaniza\u00e7\u00e3o&#8221;. Quem, sem ser caudilho, ser\u00e1 capaz de iluminar um caminho comum para os brasileiros? &#8220;Decifra-me ou te devoro&#8221;, como nos mitos antigos.<\/p>\n<p><strong>CARIRI EM A\u00c7\u00c3O<\/strong><\/p>\n<p>Com Brasil 247\/Foto: Reprodu\u00e7\u00e3o Internet<\/p>\n<p>Leia mais not\u00edcias em\u00a0<a href=\"http:\/\/www.caririemacao.com\/\">caririemacao.com<\/a>, siga nossa p\u00e1gina no\u00a0<a href=\"https:\/\/www.facebook.com\/CaririEmAcao\/?ref=aymt_homepage_panel\">Facebook<\/a>,\u00a0<a href=\"https:\/\/www.instagram.com\/cariri_em_acao\/?hl=pt-br\">Instagram<\/a>\u00a0e\u00a0<a href=\"https:\/\/www.youtube.com\/channel\/UCAptA0jQuYQy8vMhLt2m4qg\">Youtube<\/a>\u00a0e veja nossas mat\u00e9rias, v\u00eddeos e fotos. Voc\u00ea tamb\u00e9m pode enviar informa\u00e7\u00f5es \u00e0 Reda\u00e7\u00e3o do Portal Cariri em A\u00e7\u00e3o pelo WhatsApp (83) 9 9634.5791, (83) 9 9601-1162.<\/p>\n","protected":false},"excerpt":{"rendered":"<p>Respons\u00e1vel por indicar Pedro Parente para executar o desmonte da Petrobras, o ex-presidente Fernando Henrique Cardoso afirma que o governo de Michel Temer acabou. &#8220;Dificilmente&hellip; <\/p>\n","protected":false},"author":2,"featured_media":53137,"comment_status":"closed","ping_status":"closed","sticky":false,"template":"","format":"standard","meta":{"sfsi_plus_gutenberg_text_before_share":"","sfsi_plus_gutenberg_show_text_before_share":"","sfsi_plus_gutenberg_icon_type":"","sfsi_plus_gutenberg_icon_alignemt":"","sfsi_plus_gutenburg_max_per_row":"","footnotes":""},"categories":[11],"tags":[],"class_list":["post-53136","post","type-post","status-publish","format-standard","has-post-thumbnail","hentry","category-politica"],"_links":{"self":[{"href":"https:\/\/www.caririemacao.com\/1\/wp-json\/wp\/v2\/posts\/53136","targetHints":{"allow":["GET"]}}],"collection":[{"href":"https:\/\/www.caririemacao.com\/1\/wp-json\/wp\/v2\/posts"}],"about":[{"href":"https:\/\/www.caririemacao.com\/1\/wp-json\/wp\/v2\/types\/post"}],"author":[{"embeddable":true,"href":"https:\/\/www.caririemacao.com\/1\/wp-json\/wp\/v2\/users\/2"}],"replies":[{"embeddable":true,"href":"https:\/\/www.caririemacao.com\/1\/wp-json\/wp\/v2\/comments?post=53136"}],"version-history":[{"count":0,"href":"https:\/\/www.caririemacao.com\/1\/wp-json\/wp\/v2\/posts\/53136\/revisions"}],"wp:featuredmedia":[{"embeddable":true,"href":"https:\/\/www.caririemacao.com\/1\/wp-json\/wp\/v2\/media\/53137"}],"wp:attachment":[{"href":"https:\/\/www.caririemacao.com\/1\/wp-json\/wp\/v2\/media?parent=53136"}],"wp:term":[{"taxonomy":"category","embeddable":true,"href":"https:\/\/www.caririemacao.com\/1\/wp-json\/wp\/v2\/categories?post=53136"},{"taxonomy":"post_tag","embeddable":true,"href":"https:\/\/www.caririemacao.com\/1\/wp-json\/wp\/v2\/tags?post=53136"}],"curies":[{"name":"wp","href":"https:\/\/api.w.org\/{rel}","templated":true}]}}